{"id":4300,"date":"2026-04-30T15:11:43","date_gmt":"2026-04-30T13:11:43","guid":{"rendered":"https:\/\/ignis-avocat.com\/?p=4300"},"modified":"2026-04-30T15:14:52","modified_gmt":"2026-04-30T13:14:52","slug":"responsabilite-etat-refus-retrait-habilitation-aeroportuaire","status":"publish","type":"post","link":"https:\/\/ignis-avocat.com\/index.php\/2026\/04\/30\/responsabilite-etat-refus-retrait-habilitation-aeroportuaire\/","title":{"rendered":"Comment engager la responsabilit\u00e9 de l&rsquo;Etat pour un refus ou un retrait d\u2019habilitation a\u00e9roportuaire ill\u00e9gal ?"},"content":{"rendered":"\t\t<div data-elementor-type=\"wp-post\" data-elementor-id=\"4300\" class=\"elementor elementor-4300\" data-elementor-post-type=\"post\">\n\t\t\t\t\t\t<section class=\"elementor-section elementor-top-section elementor-element elementor-element-e4e8834 elementor-section-boxed elementor-section-height-default elementor-section-height-default\" data-id=\"e4e8834\" data-element_type=\"section\" data-e-type=\"section\" data-settings=\"{&quot;background_background&quot;:&quot;classic&quot;}\">\n\t\t\t\t\t\t<div class=\"elementor-container elementor-column-gap-default\">\n\t\t\t\t\t<div class=\"elementor-column elementor-col-100 elementor-top-column elementor-element elementor-element-f2353e5\" data-id=\"f2353e5\" data-element_type=\"column\" data-e-type=\"column\">\n\t\t\t<div class=\"elementor-widget-wrap elementor-element-populated\">\n\t\t\t\t\t\t<div class=\"elementor-element elementor-element-5544957 elementor-view-default elementor-widget elementor-widget-icon\" data-id=\"5544957\" data-element_type=\"widget\" data-e-type=\"widget\" data-widget_type=\"icon.default\">\n\t\t\t\t<div class=\"elementor-widget-container\">\n\t\t\t\t\t\t\t<div class=\"elementor-icon-wrapper\">\n\t\t\t<div class=\"elementor-icon\">\n\t\t\t<svg xmlns=\"http:\/\/www.w3.org\/2000\/svg\" xmlns:xlink=\"http:\/\/www.w3.org\/1999\/xlink\" width=\"43px\" height=\"93px\" viewBox=\"0 0 43 93\"><title>Combined Shape<\/title><desc>Created with Sketch.<\/desc><defs><linearGradient x1=\"53.7525337%\" y1=\"0%\" x2=\"50%\" y2=\"100%\" id=\"linearGradient-1\"><stop stop-color=\"#B7B7B7\" offset=\"0%\"><\/stop><stop stop-color=\"#FFFFFF\" offset=\"100%\"><\/stop><\/linearGradient><\/defs><g id=\"Website-Chosen-Pages\" stroke=\"none\" stroke-width=\"1\" fill=\"none\" fill-rule=\"evenodd\"><g id=\"Home-Page-\" transform=\"translate(-929.000000, -2726.000000)\" stroke=\"url(#linearGradient-1)\" stroke-width=\"2\"><g transform=\"translate(561.000000, 2726.000000)\"><path d=\"M389.5,0 L389.5,93 M369.5,57.3081081 L369.5,93 M399.5,31.6702703 L399.5,93 M409.5,57.3081081 L409.5,93 M379.5,21.6162162 L379.5,93\" id=\"Combined-Shape\"><\/path><\/g><\/g><\/g><\/svg>\t\t\t<\/div>\n\t\t<\/div>\n\t\t\t\t\t\t<\/div>\n\t\t\t\t<\/div>\n\t\t\t\t<div class=\"elementor-element elementor-element-b27b727 elementor-widget elementor-widget-heading\" data-id=\"b27b727\" data-element_type=\"widget\" data-e-type=\"widget\" data-settings=\"{&quot;motion_fx_motion_fx_scrolling&quot;:&quot;yes&quot;,&quot;motion_fx_devices&quot;:[&quot;desktop&quot;,&quot;tablet&quot;,&quot;mobile&quot;]}\" data-widget_type=\"heading.default\">\n\t\t\t\t<div class=\"elementor-widget-container\">\n\t\t\t\t\t<h2 class=\"elementor-heading-title elementor-size-default\">Comment engager la responsabilit\u00e9 de l\u2019Etat pour un refus ou un retrait d\u2019habilitation a\u00e9roportuaire ill\u00e9gal ?<\/h2>\t\t\t\t<\/div>\n\t\t\t\t<\/div>\n\t\t\t\t<div class=\"elementor-element elementor-element-8524f2c elementor-widget elementor-widget-image\" data-id=\"8524f2c\" data-element_type=\"widget\" data-e-type=\"widget\" data-widget_type=\"image.default\">\n\t\t\t\t<div class=\"elementor-widget-container\">\n\t\t\t\t\t\t\t\t\t\t\t\t\t\t\t<img fetchpriority=\"high\" decoding=\"async\" width=\"800\" height=\"450\" src=\"https:\/\/ignis-avocat.com\/wp-content\/uploads\/2026\/04\/pexels-wolfgang-weiser-467045605-34739444-2-1024x576.jpg\" class=\"attachment-large size-large wp-image-4302\" alt=\"\" srcset=\"https:\/\/ignis-avocat.com\/wp-content\/uploads\/2026\/04\/pexels-wolfgang-weiser-467045605-34739444-2-1024x576.jpg 1024w, https:\/\/ignis-avocat.com\/wp-content\/uploads\/2026\/04\/pexels-wolfgang-weiser-467045605-34739444-2-300x169.jpg 300w, https:\/\/ignis-avocat.com\/wp-content\/uploads\/2026\/04\/pexels-wolfgang-weiser-467045605-34739444-2-768x432.jpg 768w, https:\/\/ignis-avocat.com\/wp-content\/uploads\/2026\/04\/pexels-wolfgang-weiser-467045605-34739444-2.jpg 1280w\" sizes=\"(max-width: 800px) 100vw, 800px\" \/>\t\t\t\t\t\t\t\t\t\t\t\t\t\t\t<\/div>\n\t\t\t\t<\/div>\n\t\t\t\t<div class=\"elementor-element elementor-element-9e252a7 elementor-widget__width-initial elementor-widget elementor-widget-text-editor\" data-id=\"9e252a7\" data-element_type=\"widget\" data-e-type=\"widget\" data-widget_type=\"text-editor.default\">\n\t\t\t\t<div class=\"elementor-widget-container\">\n\t\t\t\t\t\t\t\t\t<div>Un refus ou un retrait d\u2019habilitation a\u00e9roportuaire peut durablement impacter votre vie professionnelle et personnelle.<\/div><div>\u00a0<\/div><div>En effet, en l\u2019absence d\u2019un titre de circulation a\u00e9roportuaire, il devient impossible d\u2019exercer sa profession.\u00a0<\/div><div>\u00a0<\/div><div>Sauf r\u00e9affectation, cette d\u00e9cision implique g\u00e9n\u00e9ralement un licenciement, ce qui peut entra\u00eener :<\/div><div>\u00a0<\/div><div>&#8211; Une perte de salaire ;<\/div><div>&#8211; Une diminution de votre retraite ;<\/div><div>&#8211; Le surendettement ;\u00a0<\/div><div>&#8211; Du stress et une perte de confiance ;<\/div><div>&#8211; Une d\u00e9pression ;\u00a0<\/div><div>&#8211; Une perte en comp\u00e9tence apr\u00e8s une longue p\u00e9riode sans travail\u2026<\/div><div>\u00a0<\/div><div>Si vous vous reconnaissez dans une de ces situations, un recours indemnitaire est envisageable afin d\u2019obtenir de l\u2019administration l\u2019indemnisation des pr\u00e9judices et des frais engendr\u00e9s par le refus ou le retrait de badge a\u00e9roportuaire.<\/div><div>\u00a0<\/div><div>Une demande indemnitaire devra pr\u00e9alablement \u00eatre adress\u00e9e aupr\u00e8s du pr\u00e9fet territorialement comp\u00e9tent \u00e0 l\u2019origine de la d\u00e9cision de refus ou de retrait de l\u2019habilitation a\u00e9roportuaire.<\/div><div>\u00a0<\/div><div>En cas de refus explicite ou, en l\u2019absence de r\u00e9ponse dans un d\u00e9lai de deux mois, vous pourrez ensuite introduire un recours indemnitaire devant le juge administratif.<\/div><div>\u00a0<\/div><div>Ce recours vise \u00e0 obtenir la r\u00e9paration financi\u00e8re des pr\u00e9judices r\u00e9sultant d\u2019une d\u00e9cision ill\u00e9gale de refus ou de retrait de l\u2019habilitation a\u00e9roportuaire.<\/div><div>\u00a0<\/div><div>Attention, plusieurs conditions doivent \u00eatre respect\u00e9es pour optimiser les chances de succ\u00e8s de votre recours indemnitaire.<\/div>\t\t\t\t\t\t\t\t<\/div>\n\t\t\t\t<\/div>\n\t\t\t\t\t<\/div>\n\t\t<\/div>\n\t\t\t\t\t<\/div>\n\t\t<\/section>\n\t\t\t\t<section class=\"elementor-section elementor-top-section elementor-element elementor-element-1126611 elementor-section-boxed elementor-section-height-default elementor-section-height-default\" data-id=\"1126611\" data-element_type=\"section\" data-e-type=\"section\" data-settings=\"{&quot;background_background&quot;:&quot;classic&quot;}\">\n\t\t\t\t\t\t<div class=\"elementor-container elementor-column-gap-default\">\n\t\t\t\t\t<div class=\"elementor-column elementor-col-100 elementor-top-column elementor-element elementor-element-f2def68\" data-id=\"f2def68\" data-element_type=\"column\" data-e-type=\"column\">\n\t\t\t<div class=\"elementor-widget-wrap elementor-element-populated\">\n\t\t\t\t\t\t<div class=\"elementor-element elementor-element-56b723c elementor-view-default elementor-widget elementor-widget-icon\" data-id=\"56b723c\" data-element_type=\"widget\" data-e-type=\"widget\" data-widget_type=\"icon.default\">\n\t\t\t\t<div class=\"elementor-widget-container\">\n\t\t\t\t\t\t\t<div class=\"elementor-icon-wrapper\">\n\t\t\t<div class=\"elementor-icon\">\n\t\t\t<svg xmlns=\"http:\/\/www.w3.org\/2000\/svg\" xmlns:xlink=\"http:\/\/www.w3.org\/1999\/xlink\" width=\"43px\" height=\"93px\" viewBox=\"0 0 43 93\"><title>Combined Shape<\/title><desc>Created with Sketch.<\/desc><defs><linearGradient x1=\"53.7525337%\" y1=\"0%\" x2=\"50%\" y2=\"100%\" id=\"linearGradient-1\"><stop stop-color=\"#B7B7B7\" offset=\"0%\"><\/stop><stop stop-color=\"#FFFFFF\" offset=\"100%\"><\/stop><\/linearGradient><\/defs><g id=\"Website-Chosen-Pages\" stroke=\"none\" stroke-width=\"1\" fill=\"none\" fill-rule=\"evenodd\"><g id=\"Home-Page-\" transform=\"translate(-929.000000, -2726.000000)\" stroke=\"url(#linearGradient-1)\" stroke-width=\"2\"><g transform=\"translate(561.000000, 2726.000000)\"><path d=\"M389.5,0 L389.5,93 M369.5,57.3081081 L369.5,93 M399.5,31.6702703 L399.5,93 M409.5,57.3081081 L409.5,93 M379.5,21.6162162 L379.5,93\" id=\"Combined-Shape\"><\/path><\/g><\/g><\/g><\/svg>\t\t\t<\/div>\n\t\t<\/div>\n\t\t\t\t\t\t<\/div>\n\t\t\t\t<\/div>\n\t\t\t\t<div class=\"elementor-element elementor-element-aeb5057 elementor-widget elementor-widget-heading\" data-id=\"aeb5057\" data-element_type=\"widget\" data-e-type=\"widget\" data-settings=\"{&quot;motion_fx_motion_fx_scrolling&quot;:&quot;yes&quot;,&quot;motion_fx_devices&quot;:[&quot;desktop&quot;,&quot;tablet&quot;,&quot;mobile&quot;]}\" data-widget_type=\"heading.default\">\n\t\t\t\t<div class=\"elementor-widget-container\">\n\t\t\t\t\t<h2 class=\"elementor-heading-title elementor-size-default\">Les conditions<\/h2>\t\t\t\t<\/div>\n\t\t\t\t<\/div>\n\t\t\t\t<div class=\"elementor-element elementor-element-7b35ae0 elementor-widget__width-initial elementor-widget elementor-widget-text-editor\" data-id=\"7b35ae0\" data-element_type=\"widget\" data-e-type=\"widget\" data-widget_type=\"text-editor.default\">\n\t\t\t\t<div class=\"elementor-widget-container\">\n\t\t\t\t\t\t\t\t\t<div>Dans un recours indemnitaire, il est n\u00e9cessaire de d\u00e9montrer (<strong><em><span style=\"color: #ffffff;\"><a style=\"color: #ffffff;\" href=\"https:\/\/www.legifrance.gouv.fr\/ceta\/id\/CETATEXT000027010292\/\">CE, 30 janvier 2013, Commune de Driancourt, n\u00b0 339918<\/a><\/span><\/em><\/strong>) :\u00a0<\/div><div>\u00a0<\/div><div>&#8211; La faute commise par le pr\u00e9fet : l\u2019ill\u00e9galit\u00e9 de la d\u00e9cision de refus ou de retrait de l\u2019habilitation a\u00e9roportuaire ;\u00a0<\/div><div>\u00a0<\/div><div>&#8211; Le lien de causalit\u00e9 entre la faute et le pr\u00e9judice ;\u00a0<\/div><div>\u00a0<\/div><div>&#8211; Le pr\u00e9judice que vous a caus\u00e9 cette faute.<\/div><div>\u00a0<\/div><div>Concernant la faute commise par le pr\u00e9fet, elle peut rev\u00eatir plusieurs formes :<\/div><div>\u00a0<\/div><div>&#8211; La d\u00e9cision est non justifi\u00e9e dans son principe, assortie d\u2019un d\u00e9faut de motivation (<em><strong><span style=\"color: #ffffff;\"><a style=\"color: #ffffff;\" href=\"https:\/\/www.legifrance.gouv.fr\/ceta\/id\/CETATEXT000042006340\">CAA Nantes, 12 juin 2020, n\u00b019NT02112<\/a><\/span><\/strong><\/em>) ;<\/div><div>\u00a0<\/div><div>&#8211; La d\u00e9cision est entach\u00e9e d\u2019un d\u00e9faut d\u2019examen de la demande d\u2019habilitation : cette faute peut \u00eatre retenue si vous avez envoy\u00e9 une demande pr\u00e9alable au pr\u00e9fet (<span style=\"color: #ffffff;\"><em><strong><a style=\"color: #ffffff;\" href=\"https:\/\/www.doctrine.fr\/d\/CAA\/Paris\/2025\/CETATEXT000052821285\">CAA Paris, 20 novembre 2025, n\u00b022PA03378<\/a><\/strong><\/em><\/span>) ;<\/div><div>\u00a0<\/div><div>&#8211; La d\u00e9cision est entach\u00e9e d\u2019une erreur manifeste d\u2019appr\u00e9ciation (<em><strong><span style=\"color: #ffffff;\"><a style=\"color: #ffffff;\" href=\"https:\/\/www.doctrine.fr\/d\/CAA\/Paris\/2025\/CETATEXT000052821285\">CAA Paris, 20 novembre 2025, n\u00b0 22PA03378<\/a><\/span><\/strong><\/em>) ;\u00a0<\/div><div>\u00a0<\/div><div>&#8211; Le pr\u00e9fet n\u2019a pas respect\u00e9 les d\u00e9lais impos\u00e9s par une d\u00e9cision de justice (<em><strong><span style=\"color: #ffffff;\"><a style=\"color: #ffffff;\" href=\"https:\/\/www.legifrance.gouv.fr\/juri\/id\/CETATEXT000047597181\">CAA de Paris, 16 mai 2023, n\u00b022PA01662<\/a><\/span><\/strong><\/em>).<\/div><div>\u00a0<\/div><div>Attention, l\u2019ill\u00e9galit\u00e9 doit avoir exerc\u00e9 une influence sur le sens de la d\u00e9cision prise par le pr\u00e9fet.<\/div><div>\u00a0<\/div><div>Ainsi, l\u2019ill\u00e9galit\u00e9 tenant du d\u00e9faut d\u2019habilitation de l\u2019agent qui avait pris la d\u00e9cision de refus n\u2019ouvre pas \u00e0 elle seule de droit \u00e0 indemnisation si le pr\u00e9fet aurait pris la m\u00eame d\u00e9cision (<span style=\"color: #ffffff;\"><em><strong><a style=\"color: #ffffff;\" href=\"https:\/\/www.legifrance.gouv.fr\/ceta\/id\/CETATEXT000042006340\">CAA Nantes, 12 juin 2020, n\u00b0 19NT02112<\/a><\/strong><\/em><\/span>).\u00a0<\/div>\t\t\t\t\t\t\t\t<\/div>\n\t\t\t\t<\/div>\n\t\t\t\t\t<\/div>\n\t\t<\/div>\n\t\t\t\t\t<\/div>\n\t\t<\/section>\n\t\t\t\t<section class=\"elementor-section elementor-top-section elementor-element elementor-element-ce65cbe elementor-section-boxed elementor-section-height-default elementor-section-height-default\" data-id=\"ce65cbe\" data-element_type=\"section\" data-e-type=\"section\" data-settings=\"{&quot;background_background&quot;:&quot;classic&quot;}\">\n\t\t\t\t\t\t<div class=\"elementor-container elementor-column-gap-default\">\n\t\t\t\t\t<div class=\"elementor-column elementor-col-100 elementor-top-column elementor-element elementor-element-72ec2af\" data-id=\"72ec2af\" data-element_type=\"column\" data-e-type=\"column\">\n\t\t\t<div class=\"elementor-widget-wrap elementor-element-populated\">\n\t\t\t\t\t\t<div class=\"elementor-element elementor-element-ac768ea elementor-view-default elementor-widget elementor-widget-icon\" data-id=\"ac768ea\" data-element_type=\"widget\" data-e-type=\"widget\" data-widget_type=\"icon.default\">\n\t\t\t\t<div class=\"elementor-widget-container\">\n\t\t\t\t\t\t\t<div class=\"elementor-icon-wrapper\">\n\t\t\t<div class=\"elementor-icon\">\n\t\t\t<svg xmlns=\"http:\/\/www.w3.org\/2000\/svg\" xmlns:xlink=\"http:\/\/www.w3.org\/1999\/xlink\" width=\"43px\" height=\"93px\" viewBox=\"0 0 43 93\"><title>Combined Shape<\/title><desc>Created with Sketch.<\/desc><defs><linearGradient x1=\"53.7525337%\" y1=\"0%\" x2=\"50%\" y2=\"100%\" id=\"linearGradient-1\"><stop stop-color=\"#B7B7B7\" offset=\"0%\"><\/stop><stop stop-color=\"#FFFFFF\" offset=\"100%\"><\/stop><\/linearGradient><\/defs><g id=\"Website-Chosen-Pages\" stroke=\"none\" stroke-width=\"1\" fill=\"none\" fill-rule=\"evenodd\"><g id=\"Home-Page-\" transform=\"translate(-929.000000, -2726.000000)\" stroke=\"url(#linearGradient-1)\" stroke-width=\"2\"><g transform=\"translate(561.000000, 2726.000000)\"><path d=\"M389.5,0 L389.5,93 M369.5,57.3081081 L369.5,93 M399.5,31.6702703 L399.5,93 M409.5,57.3081081 L409.5,93 M379.5,21.6162162 L379.5,93\" id=\"Combined-Shape\"><\/path><\/g><\/g><\/g><\/svg>\t\t\t<\/div>\n\t\t<\/div>\n\t\t\t\t\t\t<\/div>\n\t\t\t\t<\/div>\n\t\t\t\t<div class=\"elementor-element elementor-element-b620055 elementor-widget elementor-widget-heading\" data-id=\"b620055\" data-element_type=\"widget\" data-e-type=\"widget\" data-settings=\"{&quot;motion_fx_motion_fx_scrolling&quot;:&quot;yes&quot;,&quot;motion_fx_devices&quot;:[&quot;desktop&quot;,&quot;tablet&quot;,&quot;mobile&quot;]}\" data-widget_type=\"heading.default\">\n\t\t\t\t<div class=\"elementor-widget-container\">\n\t\t\t\t\t<h2 class=\"elementor-heading-title elementor-size-default\">Sur le lien de causalit\u00e9<\/h2>\t\t\t\t<\/div>\n\t\t\t\t<\/div>\n\t\t\t\t<div class=\"elementor-element elementor-element-587cdd1 elementor-widget__width-initial elementor-widget elementor-widget-text-editor\" data-id=\"587cdd1\" data-element_type=\"widget\" data-e-type=\"widget\" data-widget_type=\"text-editor.default\">\n\t\t\t\t<div class=\"elementor-widget-container\">\n\t\t\t\t\t\t\t\t\t<p>La faute commise par le pr\u00e9fet doit avoir un lien de causalit\u00e9 avec le pr\u00e9judice que vous avez subi.<\/p><p>La preuve peut \u00eatre apport\u00e9e par tout moyen.<\/p><p>Une d\u00e9cision refusant l\u2019habilitation a\u00e9roportuaire fautive suffit g\u00e9n\u00e9ralement pour \u00e9tablir le lien de causalit\u00e9 avec la majorit\u00e9 des pr\u00e9judices subis du fait d\u2019un licenciement. (<em><strong><span style=\"color: #ffffff;\"><a style=\"color: #ffffff;\" href=\"https:\/\/www.legifrance.gouv.fr\/ceta\/id\/CETATEXT000038758601\">CAA de Lyon, 4 juillet 2019 n\u00b0 17LY03267<\/a><\/span><\/strong><\/em>).<\/p><p>Pour des pr\u00e9judices sp\u00e9cifiques, il faudra apporter les preuves de causalit\u00e9 correspondantes.<\/p><p>Par exemple : Si vous subissez un pr\u00e9judice moral \u00e0 la suite d&rsquo;une d\u00e9cision de refus d\u2019habilitation a\u00e9roportuaire, il sera n\u00e9cessaire de d\u00e9montrer que cette d\u00e9cision est \u00e0 l\u2019origine de votre stress, perte de confiance en vous ou d\u2019un traumatisme psychologique.<\/p><p>Une attestation de consultation psychologique fournie par un professionnel de la sant\u00e9 mentale pourra ainsi d\u00e9montrer l\u2019exactitude de vos syndromes et permettre d\u2019\u00e9tablir un lien de causalit\u00e9 entre ce syndrome et le refus d\u2019habilitation a\u00e9roportuaire.<\/p><p>Ainsi, les attestations m\u00e9dicales, les t\u00e9moignages professionnels et personnels, ou tout \u00e9l\u00e9ment de votre vie personnelle ou professionnelle peuvent d\u00e9montrer le lien de causalit\u00e9 entre la faute commise par le pr\u00e9fet et le pr\u00e9judice que vous subissez.<\/p>\t\t\t\t\t\t\t\t<\/div>\n\t\t\t\t<\/div>\n\t\t\t\t\t<\/div>\n\t\t<\/div>\n\t\t\t\t\t<\/div>\n\t\t<\/section>\n\t\t\t\t<section class=\"elementor-section elementor-top-section elementor-element elementor-element-f8c89b0 elementor-section-boxed elementor-section-height-default elementor-section-height-default\" data-id=\"f8c89b0\" data-element_type=\"section\" data-e-type=\"section\" data-settings=\"{&quot;background_background&quot;:&quot;classic&quot;}\">\n\t\t\t\t\t\t<div class=\"elementor-container elementor-column-gap-default\">\n\t\t\t\t\t<div class=\"elementor-column elementor-col-100 elementor-top-column elementor-element elementor-element-780f1bc\" data-id=\"780f1bc\" data-element_type=\"column\" data-e-type=\"column\">\n\t\t\t<div class=\"elementor-widget-wrap elementor-element-populated\">\n\t\t\t\t\t\t<div class=\"elementor-element elementor-element-fce623e elementor-view-default elementor-widget elementor-widget-icon\" data-id=\"fce623e\" data-element_type=\"widget\" data-e-type=\"widget\" data-widget_type=\"icon.default\">\n\t\t\t\t<div class=\"elementor-widget-container\">\n\t\t\t\t\t\t\t<div class=\"elementor-icon-wrapper\">\n\t\t\t<div class=\"elementor-icon\">\n\t\t\t<svg xmlns=\"http:\/\/www.w3.org\/2000\/svg\" xmlns:xlink=\"http:\/\/www.w3.org\/1999\/xlink\" width=\"43px\" height=\"93px\" viewBox=\"0 0 43 93\"><title>Combined Shape<\/title><desc>Created with Sketch.<\/desc><defs><linearGradient x1=\"53.7525337%\" y1=\"0%\" x2=\"50%\" y2=\"100%\" id=\"linearGradient-1\"><stop stop-color=\"#B7B7B7\" offset=\"0%\"><\/stop><stop stop-color=\"#FFFFFF\" offset=\"100%\"><\/stop><\/linearGradient><\/defs><g id=\"Website-Chosen-Pages\" stroke=\"none\" stroke-width=\"1\" fill=\"none\" fill-rule=\"evenodd\"><g id=\"Home-Page-\" transform=\"translate(-929.000000, -2726.000000)\" stroke=\"url(#linearGradient-1)\" stroke-width=\"2\"><g transform=\"translate(561.000000, 2726.000000)\"><path d=\"M389.5,0 L389.5,93 M369.5,57.3081081 L369.5,93 M399.5,31.6702703 L399.5,93 M409.5,57.3081081 L409.5,93 M379.5,21.6162162 L379.5,93\" id=\"Combined-Shape\"><\/path><\/g><\/g><\/g><\/svg>\t\t\t<\/div>\n\t\t<\/div>\n\t\t\t\t\t\t<\/div>\n\t\t\t\t<\/div>\n\t\t\t\t<div class=\"elementor-element elementor-element-a8bde98 elementor-widget elementor-widget-heading\" data-id=\"a8bde98\" data-element_type=\"widget\" data-e-type=\"widget\" data-settings=\"{&quot;motion_fx_motion_fx_scrolling&quot;:&quot;yes&quot;,&quot;motion_fx_devices&quot;:[&quot;desktop&quot;,&quot;tablet&quot;,&quot;mobile&quot;]}\" data-widget_type=\"heading.default\">\n\t\t\t\t<div class=\"elementor-widget-container\">\n\t\t\t\t\t<h2 class=\"elementor-heading-title elementor-size-default\">Dans quel cas faire une demande\u202f?  <\/h2>\t\t\t\t<\/div>\n\t\t\t\t<\/div>\n\t\t\t\t<div class=\"elementor-element elementor-element-982de1c elementor-widget__width-initial elementor-widget elementor-widget-text-editor\" data-id=\"982de1c\" data-element_type=\"widget\" data-e-type=\"widget\" data-widget_type=\"text-editor.default\">\n\t\t\t\t<div class=\"elementor-widget-container\">\n\t\t\t\t\t\t\t\t\t<div>Les principaux types de pr\u00e9judice invocables dans le cas d\u2019un refus ou d\u2019un retrait d\u2019habilitation a\u00e9roportuaire sont :\u00a0<\/div><div>&#8211; Le pr\u00e9judice \u00e9conomique : vous devez d\u00e9montrer que cette d\u00e9cision a provoqu\u00e9 une perte de revenus ou une perte de chance de percevoir des revenus suppl\u00e9mentaires ainsi que des pertes de droit \u00e0 la retraite. La d\u00e9cision peut \u00e9galement avoir provoqu\u00e9 une situation de surendettement et des difficult\u00e9s financi\u00e8res\u2026<\/div><div>\u00a0<\/div><div>&#8211; Le pr\u00e9judice professionnel : vous devez d\u00e9montrer que cette d\u00e9cision de refus d\u2019habilitation a\u00e9roportuaire a impact\u00e9 votre vie professionnelle : perte de chance de retrouver un emploi ou de d\u00e9velopper sa carri\u00e8re, perte de comp\u00e9tence\u2026<\/div><div>\u00a0<\/div><div>&#8211; Les troubles dans les conditions d\u2019existence : vous devez d\u00e9montrer que votre quotidien a subi des bouleversements et a \u00e9t\u00e9 n\u00e9gativement impact\u00e9\u2026\u00a0<\/div><div>\u00a0<\/div><div>&#8211; Le pr\u00e9judice moral : vous devez d\u00e9montrer que la d\u00e9cision de refus d\u2019habilitation a\u00e9roportuaire vous a des souffrances psychiques : d\u00e9pression, \u00a0perte de confiance, pr\u00e9judice de r\u00e9putation\u2026<\/div><div>\u00a0<\/div><div>Exemples : \u00a0<span style=\"color: #ffffff;\"><em><strong><a style=\"color: #ffffff;\" href=\"https:\/\/justice.pappers.fr\/decision\/9fbbbb937ba1cd43175321e859b750f44c80a38b?q=CAA+Versailles%2C+23+janvier+2019%2C+n\u00b018VE01850\">CAA Versailles, 23 janvier 2019, n\u00b018VE01850<\/a><\/strong><\/em><\/span> \/ <em><strong><span style=\"color: #ffffff;\"><a style=\"color: #ffffff;\" href=\"https:\/\/justice.pappers.fr\/decision\/ed0fa311cb9560e2c0ccf4ee83472d8e6cacb7d6?q=CAA+Nancy%2C+10+mars+2026%2C+n\u00b022NC00847\">CAA Nancy, 10 mars 2026, n\u00b022NC00847<\/a><\/span><\/strong><\/em> \/ <span style=\"color: #ffffff;\"><em><strong><a style=\"color: #ffffff;\" href=\"https:\/\/www.legifrance.gouv.fr\/juri\/id\/CETATEXT000047597181\">CAA de Paris, 16 mai 2023, n\u00b022PA01662<\/a><\/strong><\/em><\/span><\/div><div>\u00a0<\/div><div>Il est essentiel d\u2019effectuer une \u00e9valuation d\u00e9taill\u00e9e de ces pr\u00e9judices afin d\u2019ult\u00e9rieurement obtenir la meilleure indemnisation possible.<\/div><div>\u00a0<\/div><div>Une fois tous ces \u00e9l\u00e9ments d\u00e9montr\u00e9s, le juge administratif condamnera l\u2019Etat \u00e0 vous indemniser financi\u00e8rement.<\/div><div>\u00a0<\/div><div>Attention, le recours \u00e0 un avocat est obligatoire dans le contentieux indemnitaire (<span style=\"color: #ffffff;\"><em><strong><a style=\"color: #ffffff;\" href=\"https:\/\/www.legifrance.gouv.fr\/codes\/article_lc\/LEGIARTI000033340889\">Article R. 431-2 du code de justice administrative<\/a><\/strong><\/em><\/span>).<\/div><div>\u00a0<\/div><div>Nous vous conseillons de faire appel aux services du cabinet Ignis avocat pour b\u00e9n\u00e9ficier d\u2019un accompagnement adapt\u00e9 \u00e0 votre situation et optimiser les chances de succ\u00e8s de votre demande indemnitaire afin d\u2019ult\u00e9rieurement obtenir une meilleure indemnisation.<\/div>\t\t\t\t\t\t\t\t<\/div>\n\t\t\t\t<\/div>\n\t\t\t\t\t<\/div>\n\t\t<\/div>\n\t\t\t\t\t<\/div>\n\t\t<\/section>\n\t\t\t\t<section class=\"elementor-section elementor-top-section elementor-element elementor-element-db34710 elementor-section-boxed elementor-section-height-default elementor-section-height-default\" data-id=\"db34710\" data-element_type=\"section\" data-e-type=\"section\" data-settings=\"{&quot;background_background&quot;:&quot;classic&quot;}\">\n\t\t\t\t\t\t<div class=\"elementor-container elementor-column-gap-default\">\n\t\t\t\t\t<div class=\"elementor-column elementor-col-100 elementor-top-column elementor-element elementor-element-e7e782c\" data-id=\"e7e782c\" data-element_type=\"column\" data-e-type=\"column\">\n\t\t\t<div class=\"elementor-widget-wrap elementor-element-populated\">\n\t\t\t\t\t\t<div class=\"elementor-element elementor-element-890f1de elementor-view-default elementor-widget elementor-widget-icon\" data-id=\"890f1de\" data-element_type=\"widget\" data-e-type=\"widget\" data-widget_type=\"icon.default\">\n\t\t\t\t<div class=\"elementor-widget-container\">\n\t\t\t\t\t\t\t<div class=\"elementor-icon-wrapper\">\n\t\t\t<div class=\"elementor-icon\">\n\t\t\t<svg xmlns=\"http:\/\/www.w3.org\/2000\/svg\" xmlns:xlink=\"http:\/\/www.w3.org\/1999\/xlink\" width=\"43px\" height=\"93px\" viewBox=\"0 0 43 93\"><title>Combined Shape<\/title><desc>Created with Sketch.<\/desc><defs><linearGradient x1=\"53.7525337%\" y1=\"0%\" x2=\"50%\" y2=\"100%\" id=\"linearGradient-1\"><stop stop-color=\"#B7B7B7\" offset=\"0%\"><\/stop><stop stop-color=\"#FFFFFF\" offset=\"100%\"><\/stop><\/linearGradient><\/defs><g id=\"Website-Chosen-Pages\" stroke=\"none\" stroke-width=\"1\" fill=\"none\" fill-rule=\"evenodd\"><g id=\"Home-Page-\" transform=\"translate(-929.000000, -2726.000000)\" stroke=\"url(#linearGradient-1)\" stroke-width=\"2\"><g transform=\"translate(561.000000, 2726.000000)\"><path d=\"M389.5,0 L389.5,93 M369.5,57.3081081 L369.5,93 M399.5,31.6702703 L399.5,93 M409.5,57.3081081 L409.5,93 M379.5,21.6162162 L379.5,93\" id=\"Combined-Shape\"><\/path><\/g><\/g><\/g><\/svg>\t\t\t<\/div>\n\t\t<\/div>\n\t\t\t\t\t\t<\/div>\n\t\t\t\t<\/div>\n\t\t\t\t<div class=\"elementor-element elementor-element-3fc3f6d elementor-widget elementor-widget-heading\" data-id=\"3fc3f6d\" data-element_type=\"widget\" data-e-type=\"widget\" data-settings=\"{&quot;motion_fx_motion_fx_scrolling&quot;:&quot;yes&quot;,&quot;motion_fx_devices&quot;:[&quot;desktop&quot;,&quot;tablet&quot;,&quot;mobile&quot;]}\" data-widget_type=\"heading.default\">\n\t\t\t\t<div class=\"elementor-widget-container\">\n\t\t\t\t\t<h2 class=\"elementor-heading-title elementor-size-default\">Pour en savoir plus :  <\/h2>\t\t\t\t<\/div>\n\t\t\t\t<\/div>\n\t\t\t\t<div class=\"elementor-element elementor-element-c36d05d elementor-widget__width-initial elementor-widget elementor-widget-text-editor\" data-id=\"c36d05d\" data-element_type=\"widget\" data-e-type=\"widget\" data-widget_type=\"text-editor.default\">\n\t\t\t\t<div class=\"elementor-widget-container\">\n\t\t\t\t\t\t\t\t\t<div><span style=\"color: #ffffff;\"><em><strong><a style=\"color: #ffffff;\" href=\"http:\/\/CE, 30 janvier 2013, Commune de Driancourt, n\u00b0 339918\" data-wplink-url-error=\"true\">CE, 30 janvier 2013, Commune de Driancourt, n\u00b0 339918<\/a><\/strong><\/em><\/span><\/div><div><span style=\"color: #ffffff;\"><em><strong><a style=\"color: #ffffff;\" href=\"https:\/\/www.legifrance.gouv.fr\/juri\/id\/CETATEXT000047597181\">CAA de Paris, 16 mai 2023, n\u00b0 22PA01662<\/a><\/strong><\/em><\/span><br \/><span style=\"color: #ffffff;\"><em><strong><a style=\"color: #ffffff;\" href=\"https:\/\/www.legifrance.gouv.fr\/ceta\/id\/CETATEXT000042006340\">CAA Nantes, 12 juin 2020, n\u00b0 19NT02112<\/a><\/strong><\/em><\/span><br \/><span style=\"color: #ffffff;\"><em><strong><a style=\"color: #ffffff;\" href=\"https:\/\/www.doctrine.fr\/d\/CAA\/Paris\/2025\/CETATEXT000052821285\">CAA Paris, 20 novembre 2025, n\u00b0 22PA03378<\/a><\/strong><\/em><\/span><br \/><span style=\"color: #ffffff;\"><em><strong><a style=\"color: #ffffff;\" href=\"https:\/\/www.legifrance.gouv.fr\/ceta\/id\/CETATEXT000038758601\">CAA de Lyon, 4 juillet 2019 n\u00b0 17LY03267<\/a><\/strong><\/em><\/span><br \/><span style=\"color: #ffffff;\"><em><strong><a style=\"color: #ffffff;\" href=\"https:\/\/justice.pappers.fr\/decision\/9fbbbb937ba1cd43175321e859b750f44c80a38b?q=CAA+Versailles%2C+23+janvier+2019%2C+n\u00b018VE01850\">CAA Versailles, 23 janvier 2019, n\u00b018VE01850<\/a><\/strong><\/em><\/span><br \/><span style=\"color: #ffffff;\"><em><strong><a style=\"color: #ffffff;\" href=\"https:\/\/justice.pappers.fr\/decision\/ed0fa311cb9560e2c0ccf4ee83472d8e6cacb7d6?q=CAA+Nancy%2C+10+mars+2026%2C+n\u00b022NC00847\">CAA Nancy, 10 mars 2026, n\u00b022NC00847<\/a><\/strong><\/em><\/span><br \/><span style=\"color: #ffffff;\"><em><strong><a style=\"color: #ffffff;\" href=\"https:\/\/www.legifrance.gouv.fr\/codes\/article_lc\/LEGIARTI000033340889\">Article R. 431-2 du code de justice administrative<\/a><\/strong><\/em><\/span><\/div><div>\u00a0<\/div>\t\t\t\t\t\t\t\t<\/div>\n\t\t\t\t<\/div>\n\t\t\t\t\t<\/div>\n\t\t<\/div>\n\t\t\t\t\t<\/div>\n\t\t<\/section>\n\t\t\t\t<section class=\"elementor-section elementor-top-section elementor-element elementor-element-df13521 elementor-section-boxed elementor-section-height-default elementor-section-height-default\" data-id=\"df13521\" data-element_type=\"section\" data-e-type=\"section\">\n\t\t\t\t\t\t<div class=\"elementor-container elementor-column-gap-default\">\n\t\t\t\t\t<div class=\"elementor-column elementor-col-100 elementor-top-column elementor-element elementor-element-0dbe529\" data-id=\"0dbe529\" data-element_type=\"column\" data-e-type=\"column\">\n\t\t\t<div class=\"elementor-widget-wrap elementor-element-populated\">\n\t\t\t\t\t\t<div class=\"elementor-element elementor-element-23d3fe2 elementor-view-default elementor-widget elementor-widget-icon\" data-id=\"23d3fe2\" data-element_type=\"widget\" data-e-type=\"widget\" data-widget_type=\"icon.default\">\n\t\t\t\t<div class=\"elementor-widget-container\">\n\t\t\t\t\t\t\t<div class=\"elementor-icon-wrapper\">\n\t\t\t<div class=\"elementor-icon\">\n\t\t\t<svg xmlns=\"http:\/\/www.w3.org\/2000\/svg\" xmlns:xlink=\"http:\/\/www.w3.org\/1999\/xlink\" width=\"43px\" height=\"93px\" viewBox=\"0 0 43 93\"><title>Combined Shape<\/title><desc>Created with Sketch.<\/desc><defs><linearGradient x1=\"53.7525337%\" y1=\"0%\" x2=\"50%\" y2=\"100%\" id=\"linearGradient-1\"><stop stop-color=\"#B7B7B7\" offset=\"0%\"><\/stop><stop stop-color=\"#FFFFFF\" offset=\"100%\"><\/stop><\/linearGradient><\/defs><g id=\"Website-Chosen-Pages\" stroke=\"none\" stroke-width=\"1\" fill=\"none\" fill-rule=\"evenodd\"><g id=\"Home-Page-\" transform=\"translate(-929.000000, -2726.000000)\" stroke=\"url(#linearGradient-1)\" stroke-width=\"2\"><g transform=\"translate(561.000000, 2726.000000)\"><path d=\"M389.5,0 L389.5,93 M369.5,57.3081081 L369.5,93 M399.5,31.6702703 L399.5,93 M409.5,57.3081081 L409.5,93 M379.5,21.6162162 L379.5,93\" id=\"Combined-Shape\"><\/path><\/g><\/g><\/g><\/svg>\t\t\t<\/div>\n\t\t<\/div>\n\t\t\t\t\t\t<\/div>\n\t\t\t\t<\/div>\n\t\t\t\t<div class=\"elementor-element elementor-element-df45a14 elementor-widget elementor-widget-heading\" data-id=\"df45a14\" data-element_type=\"widget\" data-e-type=\"widget\" data-widget_type=\"heading.default\">\n\t\t\t\t<div class=\"elementor-widget-container\">\n\t\t\t\t\t<h2 class=\"elementor-heading-title elementor-size-default\">Les Services propos\u00e9s par le cabinet Ignis avocat<\/h2>\t\t\t\t<\/div>\n\t\t\t\t<\/div>\n\t\t\t\t<section class=\"elementor-section elementor-inner-section elementor-element elementor-element-e83f509 elementor-section-full_width elementor-section-height-default elementor-section-height-default\" data-id=\"e83f509\" data-element_type=\"section\" data-e-type=\"section\">\n\t\t\t\t\t\t<div class=\"elementor-container elementor-column-gap-default\">\n\t\t\t\t\t<div class=\"elementor-column elementor-col-50 elementor-inner-column elementor-element elementor-element-cd66c08\" data-id=\"cd66c08\" data-element_type=\"column\" data-e-type=\"column\">\n\t\t\t<div class=\"elementor-widget-wrap elementor-element-populated\">\n\t\t\t\t\t\t<div class=\"elementor-element elementor-element-7b28e75 elementor-view-default elementor-position-block-start elementor-mobile-position-block-start elementor-widget elementor-widget-icon-box\" data-id=\"7b28e75\" data-element_type=\"widget\" data-e-type=\"widget\" data-widget_type=\"icon-box.default\">\n\t\t\t\t<div class=\"elementor-widget-container\">\n\t\t\t\t\t\t\t<div class=\"elementor-icon-box-wrapper\">\n\n\t\t\t\t\t\t<div class=\"elementor-icon-box-icon\">\n\t\t\t\t<span  class=\"elementor-icon\">\n\t\t\t\t<i aria-hidden=\"true\" class=\"fas fa-comments\"><\/i>\t\t\t\t<\/span>\n\t\t\t<\/div>\n\t\t\t\n\t\t\t\t\t\t<div class=\"elementor-icon-box-content\">\n\n\t\t\t\t\t\t\t\t\t<h3 class=\"elementor-icon-box-title\">\n\t\t\t\t\t\t<span  >\n\t\t\t\t\t\t\tDEMANDE INDEMNITAIRE A LA PREFECTURE\t\t\t\t\t\t<\/span>\n\t\t\t\t\t<\/h3>\n\t\t\t\t\n\t\t\t\t\t\t\t\t\t<p class=\"elementor-icon-box-description\">\n\t\t\t\t\t\tIgnis avocat construit votre dossier et adresse une demande indemnitaire au pr\u00e9fet afin d'obtenir l'indemnisation du pr\u00e9judice r\u00e9sultant du refus ou du retrait de votre habilitation.\t\t\t\t\t<\/p>\n\t\t\t\t\n\t\t\t<\/div>\n\t\t\t\n\t\t<\/div>\n\t\t\t\t\t\t<\/div>\n\t\t\t\t<\/div>\n\t\t\t\t\t<\/div>\n\t\t<\/div>\n\t\t\t\t<div class=\"elementor-column elementor-col-50 elementor-inner-column elementor-element elementor-element-7629d0a\" data-id=\"7629d0a\" data-element_type=\"column\" data-e-type=\"column\">\n\t\t\t<div class=\"elementor-widget-wrap elementor-element-populated\">\n\t\t\t\t\t\t<div class=\"elementor-element elementor-element-6809d6b elementor-widget__width-initial elementor-view-default elementor-position-block-start elementor-mobile-position-block-start elementor-widget elementor-widget-icon-box\" data-id=\"6809d6b\" data-element_type=\"widget\" data-e-type=\"widget\" data-widget_type=\"icon-box.default\">\n\t\t\t\t<div class=\"elementor-widget-container\">\n\t\t\t\t\t\t\t<div class=\"elementor-icon-box-wrapper\">\n\n\t\t\t\t\t\t<div class=\"elementor-icon-box-icon\">\n\t\t\t\t<span  class=\"elementor-icon\">\n\t\t\t\t<i aria-hidden=\"true\" class=\"fas fa-university\"><\/i>\t\t\t\t<\/span>\n\t\t\t<\/div>\n\t\t\t\n\t\t\t\t\t\t<div class=\"elementor-icon-box-content\">\n\n\t\t\t\t\t\t\t\t\t<h3 class=\"elementor-icon-box-title\">\n\t\t\t\t\t\t<span  >\n\t\t\t\t\t\t\tRECOURS INDEMNITAIRE DEVANT LE JUGE ADMINISTRATIF\t\t\t\t\t\t<\/span>\n\t\t\t\t\t<\/h3>\n\t\t\t\t\n\t\t\t\t\t\t\t\t\t<p class=\"elementor-icon-box-description\">\n\t\t\t\t\t\tIgnis saisit le juge administratif d'un recours indemnitaire afin d'obtenir l'indemnisation du pr\u00e9judice r\u00e9sultant du refus ou du retrait de votre habilitation.\n\t\t\t\t\t<\/p>\n\t\t\t\t\n\t\t\t<\/div>\n\t\t\t\n\t\t<\/div>\n\t\t\t\t\t\t<\/div>\n\t\t\t\t<\/div>\n\t\t\t\t\t<\/div>\n\t\t<\/div>\n\t\t\t\t\t<\/div>\n\t\t<\/section>\n\t\t\t\t\t<\/div>\n\t\t<\/div>\n\t\t\t\t\t<\/div>\n\t\t<\/section>\n\t\t\t\t<section class=\"elementor-section elementor-top-section elementor-element elementor-element-9ef3809 elementor-section-boxed elementor-section-height-default elementor-section-height-default\" data-id=\"9ef3809\" data-element_type=\"section\" data-e-type=\"section\">\n\t\t\t\t\t\t<div class=\"elementor-container elementor-column-gap-default\">\n\t\t\t\t\t<div class=\"elementor-column elementor-col-100 elementor-top-column elementor-element elementor-element-dad35f1\" data-id=\"dad35f1\" data-element_type=\"column\" data-e-type=\"column\">\n\t\t\t<div class=\"elementor-widget-wrap elementor-element-populated\">\n\t\t\t\t\t\t<section class=\"elementor-section elementor-inner-section elementor-element elementor-element-a481556 elementor-section-content-middle elementor-section-boxed elementor-section-height-default elementor-section-height-default\" data-id=\"a481556\" data-element_type=\"section\" data-e-type=\"section\">\n\t\t\t\t\t\t<div class=\"elementor-container elementor-column-gap-default\">\n\t\t\t\t\t<div class=\"elementor-column elementor-col-100 elementor-inner-column elementor-element elementor-element-5af9784\" data-id=\"5af9784\" data-element_type=\"column\" data-e-type=\"column\">\n\t\t\t<div class=\"elementor-widget-wrap elementor-element-populated\">\n\t\t\t\t\t\t<div class=\"elementor-element elementor-element-faffd07 elementor-align-center elementor-widget elementor-widget-button\" data-id=\"faffd07\" data-element_type=\"widget\" data-e-type=\"widget\" data-widget_type=\"button.default\">\n\t\t\t\t<div class=\"elementor-widget-container\">\n\t\t\t\t\t\t\t\t\t<div class=\"elementor-button-wrapper\">\n\t\t\t\t\t<a class=\"elementor-button elementor-button-link elementor-size-sm\" href=\"https:\/\/ignis-avocat.com\/index.php\/contact\/\">\n\t\t\t\t\t\t<span class=\"elementor-button-content-wrapper\">\n\t\t\t\t\t\t\t\t\t<span class=\"elementor-button-text\">PRENDRE RENDEZ-VOUS<\/span>\n\t\t\t\t\t<\/span>\n\t\t\t\t\t<\/a>\n\t\t\t\t<\/div>\n\t\t\t\t\t\t\t\t<\/div>\n\t\t\t\t<\/div>\n\t\t\t\t\t<\/div>\n\t\t<\/div>\n\t\t\t\t\t<\/div>\n\t\t<\/section>\n\t\t\t\t\t<\/div>\n\t\t<\/div>\n\t\t\t\t\t<\/div>\n\t\t<\/section>\n\t\t\t\t<section class=\"elementor-section elementor-top-section elementor-element elementor-element-3d978e7 elementor-section-boxed elementor-section-height-default elementor-section-height-default\" data-id=\"3d978e7\" data-element_type=\"section\" data-e-type=\"section\" data-settings=\"{&quot;background_background&quot;:&quot;classic&quot;}\">\n\t\t\t\t\t\t<div class=\"elementor-container elementor-column-gap-default\">\n\t\t\t\t\t<div class=\"elementor-column elementor-col-100 elementor-top-column elementor-element elementor-element-d0557a5\" data-id=\"d0557a5\" data-element_type=\"column\" data-e-type=\"column\">\n\t\t\t<div class=\"elementor-widget-wrap elementor-element-populated\">\n\t\t\t\t\t\t<div class=\"elementor-element elementor-element-563d684 elementor-view-default elementor-widget elementor-widget-icon\" data-id=\"563d684\" data-element_type=\"widget\" data-e-type=\"widget\" data-widget_type=\"icon.default\">\n\t\t\t\t<div class=\"elementor-widget-container\">\n\t\t\t\t\t\t\t<div class=\"elementor-icon-wrapper\">\n\t\t\t<div class=\"elementor-icon\">\n\t\t\t<svg xmlns=\"http:\/\/www.w3.org\/2000\/svg\" xmlns:xlink=\"http:\/\/www.w3.org\/1999\/xlink\" width=\"43px\" height=\"93px\" viewBox=\"0 0 43 93\"><title>Combined Shape<\/title><desc>Created with Sketch.<\/desc><defs><linearGradient x1=\"53.7525337%\" y1=\"0%\" x2=\"50%\" y2=\"100%\" id=\"linearGradient-1\"><stop stop-color=\"#B7B7B7\" offset=\"0%\"><\/stop><stop stop-color=\"#FFFFFF\" offset=\"100%\"><\/stop><\/linearGradient><\/defs><g id=\"Website-Chosen-Pages\" stroke=\"none\" stroke-width=\"1\" fill=\"none\" fill-rule=\"evenodd\"><g id=\"Home-Page-\" transform=\"translate(-929.000000, -2726.000000)\" stroke=\"url(#linearGradient-1)\" stroke-width=\"2\"><g transform=\"translate(561.000000, 2726.000000)\"><path d=\"M389.5,0 L389.5,93 M369.5,57.3081081 L369.5,93 M399.5,31.6702703 L399.5,93 M409.5,57.3081081 L409.5,93 M379.5,21.6162162 L379.5,93\" id=\"Combined-Shape\"><\/path><\/g><\/g><\/g><\/svg>\t\t\t<\/div>\n\t\t<\/div>\n\t\t\t\t\t\t<\/div>\n\t\t\t\t<\/div>\n\t\t\t\t<div class=\"elementor-element elementor-element-2f8f292 elementor-widget elementor-widget-heading\" data-id=\"2f8f292\" data-element_type=\"widget\" data-e-type=\"widget\" data-settings=\"{&quot;motion_fx_motion_fx_scrolling&quot;:&quot;yes&quot;,&quot;motion_fx_devices&quot;:[&quot;desktop&quot;,&quot;tablet&quot;,&quot;mobile&quot;]}\" data-widget_type=\"heading.default\">\n\t\t\t\t<div class=\"elementor-widget-container\">\n\t\t\t\t\t<h2 class=\"elementor-heading-title elementor-size-default\">Tout savoir sur les Habilitations a\u00e9roportuaires<\/h2>\t\t\t\t<\/div>\n\t\t\t\t<\/div>\n\t\t\t\t<div class=\"elementor-element elementor-element-1810f4f elementor-grid-3 elementor-grid-tablet-2 elementor-grid-mobile-1 elementor-posts--thumbnail-top elementor-widget elementor-widget-posts\" data-id=\"1810f4f\" data-element_type=\"widget\" data-e-type=\"widget\" data-settings=\"{&quot;classic_row_gap&quot;:{&quot;unit&quot;:&quot;px&quot;,&quot;size&quot;:&quot;70&quot;,&quot;sizes&quot;:[]},&quot;pagination_type&quot;:&quot;prev_next&quot;,&quot;classic_columns&quot;:&quot;3&quot;,&quot;classic_columns_tablet&quot;:&quot;2&quot;,&quot;classic_columns_mobile&quot;:&quot;1&quot;,&quot;classic_row_gap_tablet&quot;:{&quot;unit&quot;:&quot;px&quot;,&quot;size&quot;:&quot;&quot;,&quot;sizes&quot;:[]},&quot;classic_row_gap_mobile&quot;:{&quot;unit&quot;:&quot;px&quot;,&quot;size&quot;:&quot;&quot;,&quot;sizes&quot;:[]}}\" data-widget_type=\"posts.classic\">\n\t\t\t\t<div class=\"elementor-widget-container\">\n\t\t\t\t\t\t\t<div class=\"elementor-posts-container elementor-posts elementor-posts--skin-classic elementor-grid\" role=\"list\">\n\t\t\t\t<article class=\"elementor-post elementor-grid-item post-4300 post type-post status-publish format-standard has-post-thumbnail hentry category-actualites category-habilitation-aeroportuaire category-police-administrative\" role=\"listitem\">\n\t\t\t\t<a class=\"elementor-post__thumbnail__link\" href=\"https:\/\/ignis-avocat.com\/index.php\/2026\/04\/30\/responsabilite-etat-refus-retrait-habilitation-aeroportuaire\/\" tabindex=\"-1\" >\n\t\t\t<div class=\"elementor-post__thumbnail\"><img decoding=\"async\" width=\"768\" height=\"432\" src=\"https:\/\/ignis-avocat.com\/wp-content\/uploads\/2026\/04\/pexels-wolfgang-weiser-467045605-34739444-2-768x432.jpg\" class=\"attachment-medium_large size-medium_large wp-image-4302\" alt=\"\" srcset=\"https:\/\/ignis-avocat.com\/wp-content\/uploads\/2026\/04\/pexels-wolfgang-weiser-467045605-34739444-2-768x432.jpg 768w, https:\/\/ignis-avocat.com\/wp-content\/uploads\/2026\/04\/pexels-wolfgang-weiser-467045605-34739444-2-300x169.jpg 300w, https:\/\/ignis-avocat.com\/wp-content\/uploads\/2026\/04\/pexels-wolfgang-weiser-467045605-34739444-2-1024x576.jpg 1024w, https:\/\/ignis-avocat.com\/wp-content\/uploads\/2026\/04\/pexels-wolfgang-weiser-467045605-34739444-2.jpg 1280w\" sizes=\"(max-width: 768px) 100vw, 768px\" \/><\/div>\n\t\t<\/a>\n\t\t\t\t<div class=\"elementor-post__text\">\n\t\t\t\t<h3 class=\"elementor-post__title\">\n\t\t\t<a href=\"https:\/\/ignis-avocat.com\/index.php\/2026\/04\/30\/responsabilite-etat-refus-retrait-habilitation-aeroportuaire\/\" >\n\t\t\t\tComment engager la responsabilit\u00e9 de l&rsquo;Etat pour un refus ou un retrait d\u2019habilitation a\u00e9roportuaire ill\u00e9gal ?\t\t\t<\/a>\n\t\t<\/h3>\n\t\t\t\t<div class=\"elementor-post__meta-data\">\n\t\t\t\t\t<span class=\"elementor-post-author\">\n\t\t\tSimon Bechelen\t\t<\/span>\n\t\t\t\t<span class=\"elementor-post-date\">\n\t\t\t30 avril 2026\t\t<\/span>\n\t\t\t\t<span class=\"elementor-post-time\">\n\t\t\t15h11\t\t<\/span>\n\t\t\t\t<\/div>\n\t\t\n\t\t<a class=\"elementor-post__read-more\" href=\"https:\/\/ignis-avocat.com\/index.php\/2026\/04\/30\/responsabilite-etat-refus-retrait-habilitation-aeroportuaire\/\" aria-label=\"En savoir plus sur Comment engager la responsabilit\u00e9 de l&rsquo;Etat pour un refus ou un retrait d\u2019habilitation a\u00e9roportuaire ill\u00e9gal ?\" tabindex=\"-1\" >\n\t\t\tLire la suite\t\t<\/a>\n\n\t\t\t\t<\/div>\n\t\t\t\t<\/article>\n\t\t\t\t<article class=\"elementor-post elementor-grid-item post-4283 post type-post status-publish format-standard has-post-thumbnail hentry category-actualites category-habilitation-aeroportuaire category-police-administrative\" role=\"listitem\">\n\t\t\t\t<a class=\"elementor-post__thumbnail__link\" href=\"https:\/\/ignis-avocat.com\/index.php\/2026\/04\/02\/habilitation-aeroportuaire-effacement-taj\/\" tabindex=\"-1\" >\n\t\t\t<div class=\"elementor-post__thumbnail\"><img decoding=\"async\" width=\"768\" height=\"576\" src=\"https:\/\/ignis-avocat.com\/wp-content\/uploads\/2026\/04\/pexels-markus-winkler-1430818-4836109-2-768x576.jpg\" class=\"attachment-medium_large size-medium_large wp-image-4286\" alt=\"\" srcset=\"https:\/\/ignis-avocat.com\/wp-content\/uploads\/2026\/04\/pexels-markus-winkler-1430818-4836109-2-768x576.jpg 768w, https:\/\/ignis-avocat.com\/wp-content\/uploads\/2026\/04\/pexels-markus-winkler-1430818-4836109-2-300x225.jpg 300w, https:\/\/ignis-avocat.com\/wp-content\/uploads\/2026\/04\/pexels-markus-winkler-1430818-4836109-2-1024x768.jpg 1024w, https:\/\/ignis-avocat.com\/wp-content\/uploads\/2026\/04\/pexels-markus-winkler-1430818-4836109-2.jpg 1280w\" sizes=\"(max-width: 768px) 100vw, 768px\" \/><\/div>\n\t\t<\/a>\n\t\t\t\t<div class=\"elementor-post__text\">\n\t\t\t\t<h3 class=\"elementor-post__title\">\n\t\t\t<a href=\"https:\/\/ignis-avocat.com\/index.php\/2026\/04\/02\/habilitation-aeroportuaire-effacement-taj\/\" >\n\t\t\t\tHabilitation a\u00e9roportuaire et effacement de son TAJ\t\t\t<\/a>\n\t\t<\/h3>\n\t\t\t\t<div class=\"elementor-post__meta-data\">\n\t\t\t\t\t<span class=\"elementor-post-author\">\n\t\t\tSimon Bechelen\t\t<\/span>\n\t\t\t\t<span class=\"elementor-post-date\">\n\t\t\t2 avril 2026\t\t<\/span>\n\t\t\t\t<span class=\"elementor-post-time\">\n\t\t\t14h16\t\t<\/span>\n\t\t\t\t<\/div>\n\t\t\n\t\t<a class=\"elementor-post__read-more\" href=\"https:\/\/ignis-avocat.com\/index.php\/2026\/04\/02\/habilitation-aeroportuaire-effacement-taj\/\" aria-label=\"En savoir plus sur Habilitation a\u00e9roportuaire et effacement de son TAJ\" tabindex=\"-1\" >\n\t\t\tLire la suite\t\t<\/a>\n\n\t\t\t\t<\/div>\n\t\t\t\t<\/article>\n\t\t\t\t<article class=\"elementor-post elementor-grid-item post-1095 post type-post status-publish format-standard has-post-thumbnail hentry category-actualites category-habilitation-aeroportuaire category-police-administrative\" role=\"listitem\">\n\t\t\t\t<a class=\"elementor-post__thumbnail__link\" href=\"https:\/\/ignis-avocat.com\/index.php\/2025\/02\/11\/contester-un-refus-ou-un-retrait-dhabilitation-aeroportuaire\/\" tabindex=\"-1\" >\n\t\t\t<div class=\"elementor-post__thumbnail\"><img loading=\"lazy\" decoding=\"async\" width=\"768\" height=\"432\" src=\"https:\/\/ignis-avocat.com\/wp-content\/uploads\/2024\/04\/Aeroport-Marseille-provence-1-768x432.webp\" class=\"attachment-medium_large size-medium_large wp-image-3668\" alt=\"\" srcset=\"https:\/\/ignis-avocat.com\/wp-content\/uploads\/2024\/04\/Aeroport-Marseille-provence-1-768x432.webp 768w, https:\/\/ignis-avocat.com\/wp-content\/uploads\/2024\/04\/Aeroport-Marseille-provence-1-300x169.webp 300w, https:\/\/ignis-avocat.com\/wp-content\/uploads\/2024\/04\/Aeroport-Marseille-provence-1-1024x576.webp 1024w, https:\/\/ignis-avocat.com\/wp-content\/uploads\/2024\/04\/Aeroport-Marseille-provence-1.webp 1280w\" sizes=\"(max-width: 768px) 100vw, 768px\" \/><\/div>\n\t\t<\/a>\n\t\t\t\t<div class=\"elementor-post__text\">\n\t\t\t\t<h3 class=\"elementor-post__title\">\n\t\t\t<a href=\"https:\/\/ignis-avocat.com\/index.php\/2025\/02\/11\/contester-un-refus-ou-un-retrait-dhabilitation-aeroportuaire\/\" >\n\t\t\t\tContester un refus ou un retrait d\u2019habilitation a\u00e9roportuaire\t\t\t<\/a>\n\t\t<\/h3>\n\t\t\t\t<div class=\"elementor-post__meta-data\">\n\t\t\t\t\t<span class=\"elementor-post-author\">\n\t\t\tSimon Bechelen\t\t<\/span>\n\t\t\t\t<span class=\"elementor-post-date\">\n\t\t\t11 f\u00e9vrier 2025\t\t<\/span>\n\t\t\t\t<span class=\"elementor-post-time\">\n\t\t\t17h47\t\t<\/span>\n\t\t\t\t<\/div>\n\t\t\n\t\t<a class=\"elementor-post__read-more\" href=\"https:\/\/ignis-avocat.com\/index.php\/2025\/02\/11\/contester-un-refus-ou-un-retrait-dhabilitation-aeroportuaire\/\" aria-label=\"En savoir plus sur Contester un refus ou un retrait d\u2019habilitation a\u00e9roportuaire\" tabindex=\"-1\" >\n\t\t\tLire la suite\t\t<\/a>\n\n\t\t\t\t<\/div>\n\t\t\t\t<\/article>\n\t\t\t\t<\/div>\n\t\t\n\t\t\t\t\t\t<\/div>\n\t\t\t\t<\/div>\n\t\t\t\t\t<\/div>\n\t\t<\/div>\n\t\t\t\t\t<\/div>\n\t\t<\/section>\n\t\t\t\t<\/div>\n\t\t","protected":false},"excerpt":{"rendered":"<p>Combined ShapeCreated with Sketch. Comment engager la responsabilit\u00e9 de l\u2019Etat pour un refus ou un retrait d\u2019habilitation a\u00e9roportuaire ill\u00e9gal ? Un refus ou un retrait<\/p>\n","protected":false},"author":1,"featured_media":4302,"comment_status":"open","ping_status":"open","sticky":false,"template":"","format":"standard","meta":{"_monsterinsights_skip_tracking":false,"_monsterinsights_sitenote_active":false,"_monsterinsights_sitenote_note":"","_monsterinsights_sitenote_category":0,"footnotes":""},"categories":[7,28,27],"tags":[],"class_list":["post-4300","post","type-post","status-publish","format-standard","has-post-thumbnail","hentry","category-actualites","category-habilitation-aeroportuaire","category-police-administrative"],"yoast_head":"<!-- This site is optimized with the Yoast SEO plugin v27.5 - https:\/\/yoast.com\/product\/yoast-seo-wordpress\/ -->\n<title>Comment engager la responsabilit\u00e9 de l&#039;Etat pour un refus ou un retrait d\u2019habilitation a\u00e9roportuaire ill\u00e9gal ? - Ignis avocat<\/title>\n<meta name=\"description\" content=\"Pr\u00e9sentation des modalit\u00e9s d&#039;indemnisation des pr\u00e9judices et des frais engendr\u00e9s par le refus ou le retrait d&#039;une habilitation a\u00e9roportuaire.\" \/>\n<meta name=\"robots\" content=\"index, follow, max-snippet:-1, max-image-preview:large, max-video-preview:-1\" \/>\n<link rel=\"canonical\" href=\"https:\/\/ignis-avocat.com\/index.php\/2026\/04\/30\/responsabilite-etat-refus-retrait-habilitation-aeroportuaire\/\" \/>\n<meta property=\"og:locale\" content=\"fr_FR\" \/>\n<meta property=\"og:type\" content=\"article\" \/>\n<meta property=\"og:title\" content=\"Comment engager la responsabilit\u00e9 de l&#039;Etat pour un refus ou un retrait d\u2019habilitation a\u00e9roportuaire ill\u00e9gal ? - Ignis avocat\" \/>\n<meta property=\"og:description\" content=\"Pr\u00e9sentation des modalit\u00e9s d&#039;indemnisation des pr\u00e9judices et des frais engendr\u00e9s par le refus ou le retrait d&#039;une habilitation a\u00e9roportuaire.\" \/>\n<meta property=\"og:url\" content=\"https:\/\/ignis-avocat.com\/index.php\/2026\/04\/30\/responsabilite-etat-refus-retrait-habilitation-aeroportuaire\/\" \/>\n<meta property=\"og:site_name\" content=\"Ignis avocat\" \/>\n<meta property=\"article:published_time\" content=\"2026-04-30T13:11:43+00:00\" \/>\n<meta property=\"article:modified_time\" content=\"2026-04-30T13:14:52+00:00\" \/>\n<meta property=\"og:image\" content=\"https:\/\/ignis-avocat.com\/wp-content\/uploads\/2026\/04\/pexels-wolfgang-weiser-467045605-34739444-2.jpg\" \/>\n\t<meta property=\"og:image:width\" content=\"1280\" \/>\n\t<meta property=\"og:image:height\" content=\"720\" \/>\n\t<meta property=\"og:image:type\" content=\"image\/jpeg\" \/>\n<meta name=\"author\" content=\"Simon Bechelen\" \/>\n<meta name=\"twitter:card\" content=\"summary_large_image\" \/>\n<meta name=\"twitter:label1\" content=\"\u00c9crit par\" \/>\n\t<meta name=\"twitter:data1\" content=\"Simon Bechelen\" \/>\n\t<meta name=\"twitter:label2\" content=\"Dur\u00e9e de lecture estim\u00e9e\" \/>\n\t<meta name=\"twitter:data2\" content=\"6 minutes\" \/>\n<script type=\"application\/ld+json\" class=\"yoast-schema-graph\">{\"@context\":\"https:\\\/\\\/schema.org\",\"@graph\":[{\"@type\":\"Article\",\"@id\":\"https:\\\/\\\/ignis-avocat.com\\\/index.php\\\/2026\\\/04\\\/30\\\/responsabilite-etat-refus-retrait-habilitation-aeroportuaire\\\/#article\",\"isPartOf\":{\"@id\":\"https:\\\/\\\/ignis-avocat.com\\\/index.php\\\/2026\\\/04\\\/30\\\/responsabilite-etat-refus-retrait-habilitation-aeroportuaire\\\/\"},\"author\":{\"name\":\"Simon Bechelen\",\"@id\":\"https:\\\/\\\/ignis-avocat.com\\\/#\\\/schema\\\/person\\\/23a8052bacfd65492919cb16ac621a52\"},\"headline\":\"Comment engager la responsabilit\u00e9 de l&rsquo;Etat pour un refus ou un retrait d\u2019habilitation a\u00e9roportuaire ill\u00e9gal ?\",\"datePublished\":\"2026-04-30T13:11:43+00:00\",\"dateModified\":\"2026-04-30T13:14:52+00:00\",\"mainEntityOfPage\":{\"@id\":\"https:\\\/\\\/ignis-avocat.com\\\/index.php\\\/2026\\\/04\\\/30\\\/responsabilite-etat-refus-retrait-habilitation-aeroportuaire\\\/\"},\"wordCount\":1226,\"commentCount\":0,\"publisher\":{\"@id\":\"https:\\\/\\\/ignis-avocat.com\\\/#organization\"},\"image\":{\"@id\":\"https:\\\/\\\/ignis-avocat.com\\\/index.php\\\/2026\\\/04\\\/30\\\/responsabilite-etat-refus-retrait-habilitation-aeroportuaire\\\/#primaryimage\"},\"thumbnailUrl\":\"https:\\\/\\\/ignis-avocat.com\\\/wp-content\\\/uploads\\\/2026\\\/04\\\/pexels-wolfgang-weiser-467045605-34739444-2.jpg\",\"articleSection\":[\"Actualit\u00e9s\",\"Habilitation a\u00e9roportuaire\",\"Police administrative\"],\"inLanguage\":\"fr-FR\",\"potentialAction\":[{\"@type\":\"CommentAction\",\"name\":\"Comment\",\"target\":[\"https:\\\/\\\/ignis-avocat.com\\\/index.php\\\/2026\\\/04\\\/30\\\/responsabilite-etat-refus-retrait-habilitation-aeroportuaire\\\/#respond\"]}]},{\"@type\":\"WebPage\",\"@id\":\"https:\\\/\\\/ignis-avocat.com\\\/index.php\\\/2026\\\/04\\\/30\\\/responsabilite-etat-refus-retrait-habilitation-aeroportuaire\\\/\",\"url\":\"https:\\\/\\\/ignis-avocat.com\\\/index.php\\\/2026\\\/04\\\/30\\\/responsabilite-etat-refus-retrait-habilitation-aeroportuaire\\\/\",\"name\":\"Comment engager la responsabilit\u00e9 de l'Etat pour un refus ou un retrait d\u2019habilitation a\u00e9roportuaire ill\u00e9gal ? - Ignis avocat\",\"isPartOf\":{\"@id\":\"https:\\\/\\\/ignis-avocat.com\\\/#website\"},\"primaryImageOfPage\":{\"@id\":\"https:\\\/\\\/ignis-avocat.com\\\/index.php\\\/2026\\\/04\\\/30\\\/responsabilite-etat-refus-retrait-habilitation-aeroportuaire\\\/#primaryimage\"},\"image\":{\"@id\":\"https:\\\/\\\/ignis-avocat.com\\\/index.php\\\/2026\\\/04\\\/30\\\/responsabilite-etat-refus-retrait-habilitation-aeroportuaire\\\/#primaryimage\"},\"thumbnailUrl\":\"https:\\\/\\\/ignis-avocat.com\\\/wp-content\\\/uploads\\\/2026\\\/04\\\/pexels-wolfgang-weiser-467045605-34739444-2.jpg\",\"datePublished\":\"2026-04-30T13:11:43+00:00\",\"dateModified\":\"2026-04-30T13:14:52+00:00\",\"description\":\"Pr\u00e9sentation des modalit\u00e9s d'indemnisation des pr\u00e9judices et des frais engendr\u00e9s par le refus ou le retrait d'une habilitation a\u00e9roportuaire.\",\"breadcrumb\":{\"@id\":\"https:\\\/\\\/ignis-avocat.com\\\/index.php\\\/2026\\\/04\\\/30\\\/responsabilite-etat-refus-retrait-habilitation-aeroportuaire\\\/#breadcrumb\"},\"inLanguage\":\"fr-FR\",\"potentialAction\":[{\"@type\":\"ReadAction\",\"target\":[\"https:\\\/\\\/ignis-avocat.com\\\/index.php\\\/2026\\\/04\\\/30\\\/responsabilite-etat-refus-retrait-habilitation-aeroportuaire\\\/\"]}]},{\"@type\":\"ImageObject\",\"inLanguage\":\"fr-FR\",\"@id\":\"https:\\\/\\\/ignis-avocat.com\\\/index.php\\\/2026\\\/04\\\/30\\\/responsabilite-etat-refus-retrait-habilitation-aeroportuaire\\\/#primaryimage\",\"url\":\"https:\\\/\\\/ignis-avocat.com\\\/wp-content\\\/uploads\\\/2026\\\/04\\\/pexels-wolfgang-weiser-467045605-34739444-2.jpg\",\"contentUrl\":\"https:\\\/\\\/ignis-avocat.com\\\/wp-content\\\/uploads\\\/2026\\\/04\\\/pexels-wolfgang-weiser-467045605-34739444-2.jpg\",\"width\":1280,\"height\":720},{\"@type\":\"BreadcrumbList\",\"@id\":\"https:\\\/\\\/ignis-avocat.com\\\/index.php\\\/2026\\\/04\\\/30\\\/responsabilite-etat-refus-retrait-habilitation-aeroportuaire\\\/#breadcrumb\",\"itemListElement\":[{\"@type\":\"ListItem\",\"position\":1,\"name\":\"Accueil\",\"item\":\"https:\\\/\\\/ignis-avocat.com\\\/\"},{\"@type\":\"ListItem\",\"position\":2,\"name\":\"Comment engager la responsabilit\u00e9 de l&rsquo;Etat pour un refus ou un retrait d\u2019habilitation a\u00e9roportuaire ill\u00e9gal ?\"}]},{\"@type\":\"WebSite\",\"@id\":\"https:\\\/\\\/ignis-avocat.com\\\/#website\",\"url\":\"https:\\\/\\\/ignis-avocat.com\\\/\",\"name\":\"Ignis avocat\",\"description\":\"\",\"publisher\":{\"@id\":\"https:\\\/\\\/ignis-avocat.com\\\/#organization\"},\"potentialAction\":[{\"@type\":\"SearchAction\",\"target\":{\"@type\":\"EntryPoint\",\"urlTemplate\":\"https:\\\/\\\/ignis-avocat.com\\\/?s={search_term_string}\"},\"query-input\":{\"@type\":\"PropertyValueSpecification\",\"valueRequired\":true,\"valueName\":\"search_term_string\"}}],\"inLanguage\":\"fr-FR\"},{\"@type\":\"Organization\",\"@id\":\"https:\\\/\\\/ignis-avocat.com\\\/#organization\",\"name\":\"Ignis avocat\",\"url\":\"https:\\\/\\\/ignis-avocat.com\\\/\",\"logo\":{\"@type\":\"ImageObject\",\"inLanguage\":\"fr-FR\",\"@id\":\"https:\\\/\\\/ignis-avocat.com\\\/#\\\/schema\\\/logo\\\/image\\\/\",\"url\":\"https:\\\/\\\/ignis-avocat.com\\\/wp-content\\\/uploads\\\/2023\\\/11\\\/cropped-IGNIS-8.png\",\"contentUrl\":\"https:\\\/\\\/ignis-avocat.com\\\/wp-content\\\/uploads\\\/2023\\\/11\\\/cropped-IGNIS-8.png\",\"width\":512,\"height\":512,\"caption\":\"Ignis avocat\"},\"image\":{\"@id\":\"https:\\\/\\\/ignis-avocat.com\\\/#\\\/schema\\\/logo\\\/image\\\/\"},\"sameAs\":[\"https:\\\/\\\/www.linkedin.com\\\/in\\\/simon-bechelen-a2558016b\\\/\"]},{\"@type\":\"Person\",\"@id\":\"https:\\\/\\\/ignis-avocat.com\\\/#\\\/schema\\\/person\\\/23a8052bacfd65492919cb16ac621a52\",\"name\":\"Simon Bechelen\",\"image\":{\"@type\":\"ImageObject\",\"inLanguage\":\"fr-FR\",\"@id\":\"https:\\\/\\\/ignis-avocat.com\\\/wp-content\\\/litespeed\\\/avatar\\\/a41c3ac27e279df89278fd0c43d012e7.jpg?ver=1777350842\",\"url\":\"https:\\\/\\\/ignis-avocat.com\\\/wp-content\\\/litespeed\\\/avatar\\\/a41c3ac27e279df89278fd0c43d012e7.jpg?ver=1777350842\",\"contentUrl\":\"https:\\\/\\\/ignis-avocat.com\\\/wp-content\\\/litespeed\\\/avatar\\\/a41c3ac27e279df89278fd0c43d012e7.jpg?ver=1777350842\",\"caption\":\"Simon Bechelen\"},\"sameAs\":[\"http:\\\/\\\/ignis-avocat.com\"],\"url\":\"https:\\\/\\\/ignis-avocat.com\\\/index.php\\\/author\\\/ignis-avocat-com\\\/\"}]}<\/script>\n<!-- \/ Yoast SEO plugin. -->","yoast_head_json":{"title":"Comment engager la responsabilit\u00e9 de l'Etat pour un refus ou un retrait d\u2019habilitation a\u00e9roportuaire ill\u00e9gal ? - Ignis avocat","description":"Pr\u00e9sentation des modalit\u00e9s d'indemnisation des pr\u00e9judices et des frais engendr\u00e9s par le refus ou le retrait d'une habilitation a\u00e9roportuaire.","robots":{"index":"index","follow":"follow","max-snippet":"max-snippet:-1","max-image-preview":"max-image-preview:large","max-video-preview":"max-video-preview:-1"},"canonical":"https:\/\/ignis-avocat.com\/index.php\/2026\/04\/30\/responsabilite-etat-refus-retrait-habilitation-aeroportuaire\/","og_locale":"fr_FR","og_type":"article","og_title":"Comment engager la responsabilit\u00e9 de l'Etat pour un refus ou un retrait d\u2019habilitation a\u00e9roportuaire ill\u00e9gal ? - Ignis avocat","og_description":"Pr\u00e9sentation des modalit\u00e9s d'indemnisation des pr\u00e9judices et des frais engendr\u00e9s par le refus ou le retrait d'une habilitation a\u00e9roportuaire.","og_url":"https:\/\/ignis-avocat.com\/index.php\/2026\/04\/30\/responsabilite-etat-refus-retrait-habilitation-aeroportuaire\/","og_site_name":"Ignis avocat","article_published_time":"2026-04-30T13:11:43+00:00","article_modified_time":"2026-04-30T13:14:52+00:00","og_image":[{"width":1280,"height":720,"url":"https:\/\/ignis-avocat.com\/wp-content\/uploads\/2026\/04\/pexels-wolfgang-weiser-467045605-34739444-2.jpg","type":"image\/jpeg"}],"author":"Simon Bechelen","twitter_card":"summary_large_image","twitter_misc":{"\u00c9crit par":"Simon Bechelen","Dur\u00e9e de lecture estim\u00e9e":"6 minutes"},"schema":{"@context":"https:\/\/schema.org","@graph":[{"@type":"Article","@id":"https:\/\/ignis-avocat.com\/index.php\/2026\/04\/30\/responsabilite-etat-refus-retrait-habilitation-aeroportuaire\/#article","isPartOf":{"@id":"https:\/\/ignis-avocat.com\/index.php\/2026\/04\/30\/responsabilite-etat-refus-retrait-habilitation-aeroportuaire\/"},"author":{"name":"Simon Bechelen","@id":"https:\/\/ignis-avocat.com\/#\/schema\/person\/23a8052bacfd65492919cb16ac621a52"},"headline":"Comment engager la responsabilit\u00e9 de l&rsquo;Etat pour un refus ou un retrait d\u2019habilitation a\u00e9roportuaire ill\u00e9gal ?","datePublished":"2026-04-30T13:11:43+00:00","dateModified":"2026-04-30T13:14:52+00:00","mainEntityOfPage":{"@id":"https:\/\/ignis-avocat.com\/index.php\/2026\/04\/30\/responsabilite-etat-refus-retrait-habilitation-aeroportuaire\/"},"wordCount":1226,"commentCount":0,"publisher":{"@id":"https:\/\/ignis-avocat.com\/#organization"},"image":{"@id":"https:\/\/ignis-avocat.com\/index.php\/2026\/04\/30\/responsabilite-etat-refus-retrait-habilitation-aeroportuaire\/#primaryimage"},"thumbnailUrl":"https:\/\/ignis-avocat.com\/wp-content\/uploads\/2026\/04\/pexels-wolfgang-weiser-467045605-34739444-2.jpg","articleSection":["Actualit\u00e9s","Habilitation a\u00e9roportuaire","Police administrative"],"inLanguage":"fr-FR","potentialAction":[{"@type":"CommentAction","name":"Comment","target":["https:\/\/ignis-avocat.com\/index.php\/2026\/04\/30\/responsabilite-etat-refus-retrait-habilitation-aeroportuaire\/#respond"]}]},{"@type":"WebPage","@id":"https:\/\/ignis-avocat.com\/index.php\/2026\/04\/30\/responsabilite-etat-refus-retrait-habilitation-aeroportuaire\/","url":"https:\/\/ignis-avocat.com\/index.php\/2026\/04\/30\/responsabilite-etat-refus-retrait-habilitation-aeroportuaire\/","name":"Comment engager la responsabilit\u00e9 de l'Etat pour un refus ou un retrait d\u2019habilitation a\u00e9roportuaire ill\u00e9gal ? - Ignis avocat","isPartOf":{"@id":"https:\/\/ignis-avocat.com\/#website"},"primaryImageOfPage":{"@id":"https:\/\/ignis-avocat.com\/index.php\/2026\/04\/30\/responsabilite-etat-refus-retrait-habilitation-aeroportuaire\/#primaryimage"},"image":{"@id":"https:\/\/ignis-avocat.com\/index.php\/2026\/04\/30\/responsabilite-etat-refus-retrait-habilitation-aeroportuaire\/#primaryimage"},"thumbnailUrl":"https:\/\/ignis-avocat.com\/wp-content\/uploads\/2026\/04\/pexels-wolfgang-weiser-467045605-34739444-2.jpg","datePublished":"2026-04-30T13:11:43+00:00","dateModified":"2026-04-30T13:14:52+00:00","description":"Pr\u00e9sentation des modalit\u00e9s d'indemnisation des pr\u00e9judices et des frais engendr\u00e9s par le refus ou le retrait d'une habilitation a\u00e9roportuaire.","breadcrumb":{"@id":"https:\/\/ignis-avocat.com\/index.php\/2026\/04\/30\/responsabilite-etat-refus-retrait-habilitation-aeroportuaire\/#breadcrumb"},"inLanguage":"fr-FR","potentialAction":[{"@type":"ReadAction","target":["https:\/\/ignis-avocat.com\/index.php\/2026\/04\/30\/responsabilite-etat-refus-retrait-habilitation-aeroportuaire\/"]}]},{"@type":"ImageObject","inLanguage":"fr-FR","@id":"https:\/\/ignis-avocat.com\/index.php\/2026\/04\/30\/responsabilite-etat-refus-retrait-habilitation-aeroportuaire\/#primaryimage","url":"https:\/\/ignis-avocat.com\/wp-content\/uploads\/2026\/04\/pexels-wolfgang-weiser-467045605-34739444-2.jpg","contentUrl":"https:\/\/ignis-avocat.com\/wp-content\/uploads\/2026\/04\/pexels-wolfgang-weiser-467045605-34739444-2.jpg","width":1280,"height":720},{"@type":"BreadcrumbList","@id":"https:\/\/ignis-avocat.com\/index.php\/2026\/04\/30\/responsabilite-etat-refus-retrait-habilitation-aeroportuaire\/#breadcrumb","itemListElement":[{"@type":"ListItem","position":1,"name":"Accueil","item":"https:\/\/ignis-avocat.com\/"},{"@type":"ListItem","position":2,"name":"Comment engager la responsabilit\u00e9 de l&rsquo;Etat pour un refus ou un retrait d\u2019habilitation a\u00e9roportuaire ill\u00e9gal ?"}]},{"@type":"WebSite","@id":"https:\/\/ignis-avocat.com\/#website","url":"https:\/\/ignis-avocat.com\/","name":"Ignis avocat","description":"","publisher":{"@id":"https:\/\/ignis-avocat.com\/#organization"},"potentialAction":[{"@type":"SearchAction","target":{"@type":"EntryPoint","urlTemplate":"https:\/\/ignis-avocat.com\/?s={search_term_string}"},"query-input":{"@type":"PropertyValueSpecification","valueRequired":true,"valueName":"search_term_string"}}],"inLanguage":"fr-FR"},{"@type":"Organization","@id":"https:\/\/ignis-avocat.com\/#organization","name":"Ignis avocat","url":"https:\/\/ignis-avocat.com\/","logo":{"@type":"ImageObject","inLanguage":"fr-FR","@id":"https:\/\/ignis-avocat.com\/#\/schema\/logo\/image\/","url":"https:\/\/ignis-avocat.com\/wp-content\/uploads\/2023\/11\/cropped-IGNIS-8.png","contentUrl":"https:\/\/ignis-avocat.com\/wp-content\/uploads\/2023\/11\/cropped-IGNIS-8.png","width":512,"height":512,"caption":"Ignis avocat"},"image":{"@id":"https:\/\/ignis-avocat.com\/#\/schema\/logo\/image\/"},"sameAs":["https:\/\/www.linkedin.com\/in\/simon-bechelen-a2558016b\/"]},{"@type":"Person","@id":"https:\/\/ignis-avocat.com\/#\/schema\/person\/23a8052bacfd65492919cb16ac621a52","name":"Simon Bechelen","image":{"@type":"ImageObject","inLanguage":"fr-FR","@id":"https:\/\/ignis-avocat.com\/wp-content\/litespeed\/avatar\/a41c3ac27e279df89278fd0c43d012e7.jpg?ver=1777350842","url":"https:\/\/ignis-avocat.com\/wp-content\/litespeed\/avatar\/a41c3ac27e279df89278fd0c43d012e7.jpg?ver=1777350842","contentUrl":"https:\/\/ignis-avocat.com\/wp-content\/litespeed\/avatar\/a41c3ac27e279df89278fd0c43d012e7.jpg?ver=1777350842","caption":"Simon Bechelen"},"sameAs":["http:\/\/ignis-avocat.com"],"url":"https:\/\/ignis-avocat.com\/index.php\/author\/ignis-avocat-com\/"}]}},"_links":{"self":[{"href":"https:\/\/ignis-avocat.com\/index.php\/wp-json\/wp\/v2\/posts\/4300","targetHints":{"allow":["GET"]}}],"collection":[{"href":"https:\/\/ignis-avocat.com\/index.php\/wp-json\/wp\/v2\/posts"}],"about":[{"href":"https:\/\/ignis-avocat.com\/index.php\/wp-json\/wp\/v2\/types\/post"}],"author":[{"embeddable":true,"href":"https:\/\/ignis-avocat.com\/index.php\/wp-json\/wp\/v2\/users\/1"}],"replies":[{"embeddable":true,"href":"https:\/\/ignis-avocat.com\/index.php\/wp-json\/wp\/v2\/comments?post=4300"}],"version-history":[{"count":7,"href":"https:\/\/ignis-avocat.com\/index.php\/wp-json\/wp\/v2\/posts\/4300\/revisions"}],"predecessor-version":[{"id":4308,"href":"https:\/\/ignis-avocat.com\/index.php\/wp-json\/wp\/v2\/posts\/4300\/revisions\/4308"}],"wp:featuredmedia":[{"embeddable":true,"href":"https:\/\/ignis-avocat.com\/index.php\/wp-json\/wp\/v2\/media\/4302"}],"wp:attachment":[{"href":"https:\/\/ignis-avocat.com\/index.php\/wp-json\/wp\/v2\/media?parent=4300"}],"wp:term":[{"taxonomy":"category","embeddable":true,"href":"https:\/\/ignis-avocat.com\/index.php\/wp-json\/wp\/v2\/categories?post=4300"},{"taxonomy":"post_tag","embeddable":true,"href":"https:\/\/ignis-avocat.com\/index.php\/wp-json\/wp\/v2\/tags?post=4300"}],"curies":[{"name":"wp","href":"https:\/\/api.w.org\/{rel}","templated":true}]}}