{"id":4196,"date":"2025-07-15T12:15:00","date_gmt":"2025-07-15T10:15:00","guid":{"rendered":"https:\/\/ignis-avocat.com\/?p=4196"},"modified":"2025-11-12T16:04:04","modified_gmt":"2025-11-12T15:04:04","slug":"la-justice-annule-larrete-anti-burkini-du-maire-de-carry-le-rouet-une-atteinte-grave-et-illegale","status":"publish","type":"post","link":"https:\/\/ignis-avocat.com\/index.php\/2025\/07\/15\/la-justice-annule-larrete-anti-burkini-du-maire-de-carry-le-rouet-une-atteinte-grave-et-illegale\/","title":{"rendered":"La justice annule l\u2019arr\u00eat\u00e9 anti-burkini du maire de Carry-le-Rouet : \u00ab\u00a0Une atteinte grave et ill\u00e9gale\u00a0\u00bb"},"content":{"rendered":"\t\t<div data-elementor-type=\"wp-post\" data-elementor-id=\"4196\" class=\"elementor elementor-4196\" data-elementor-post-type=\"post\">\n\t\t\t\t\t\t<section class=\"elementor-section elementor-top-section elementor-element elementor-element-51be19c elementor-section-boxed elementor-section-height-default elementor-section-height-default\" data-id=\"51be19c\" data-element_type=\"section\" data-e-type=\"section\" data-settings=\"{&quot;background_background&quot;:&quot;classic&quot;}\">\n\t\t\t\t\t\t<div class=\"elementor-container elementor-column-gap-default\">\n\t\t\t\t\t<div class=\"elementor-column elementor-col-100 elementor-top-column elementor-element elementor-element-9b8f15f\" data-id=\"9b8f15f\" data-element_type=\"column\" data-e-type=\"column\">\n\t\t\t<div class=\"elementor-widget-wrap elementor-element-populated\">\n\t\t\t\t\t\t<div class=\"elementor-element elementor-element-65d3513 elementor-view-default elementor-widget elementor-widget-icon\" data-id=\"65d3513\" data-element_type=\"widget\" data-e-type=\"widget\" data-widget_type=\"icon.default\">\n\t\t\t\t<div class=\"elementor-widget-container\">\n\t\t\t\t\t\t\t<div class=\"elementor-icon-wrapper\">\n\t\t\t<div class=\"elementor-icon\">\n\t\t\t<svg xmlns=\"http:\/\/www.w3.org\/2000\/svg\" xmlns:xlink=\"http:\/\/www.w3.org\/1999\/xlink\" width=\"43px\" height=\"93px\" viewBox=\"0 0 43 93\"><title>Combined Shape<\/title><desc>Created with Sketch.<\/desc><defs><linearGradient x1=\"53.7525337%\" y1=\"0%\" x2=\"50%\" y2=\"100%\" id=\"linearGradient-1\"><stop stop-color=\"#B7B7B7\" offset=\"0%\"><\/stop><stop stop-color=\"#FFFFFF\" offset=\"100%\"><\/stop><\/linearGradient><\/defs><g id=\"Website-Chosen-Pages\" stroke=\"none\" stroke-width=\"1\" fill=\"none\" fill-rule=\"evenodd\"><g id=\"Home-Page-\" transform=\"translate(-929.000000, -2726.000000)\" stroke=\"url(#linearGradient-1)\" stroke-width=\"2\"><g transform=\"translate(561.000000, 2726.000000)\"><path d=\"M389.5,0 L389.5,93 M369.5,57.3081081 L369.5,93 M399.5,31.6702703 L399.5,93 M409.5,57.3081081 L409.5,93 M379.5,21.6162162 L379.5,93\" id=\"Combined-Shape\"><\/path><\/g><\/g><\/g><\/svg>\t\t\t<\/div>\n\t\t<\/div>\n\t\t\t\t\t\t<\/div>\n\t\t\t\t<\/div>\n\t\t\t\t<div class=\"elementor-element elementor-element-d71a44c elementor-widget elementor-widget-heading\" data-id=\"d71a44c\" data-element_type=\"widget\" data-e-type=\"widget\" data-settings=\"{&quot;motion_fx_motion_fx_scrolling&quot;:&quot;yes&quot;,&quot;motion_fx_devices&quot;:[&quot;desktop&quot;,&quot;tablet&quot;,&quot;mobile&quot;]}\" data-widget_type=\"heading.default\">\n\t\t\t\t<div class=\"elementor-widget-container\">\n\t\t\t\t\t<h2 class=\"elementor-heading-title elementor-size-default\">La justice annule l\u2019arr\u00eat\u00e9 anti-burkini du maire de Carry-le-Rouet : \"Une atteinte grave et ill\u00e9gale\"<\/h2>\t\t\t\t<\/div>\n\t\t\t\t<\/div>\n\t\t\t\t<div class=\"elementor-element elementor-element-a272701 elementor-widget elementor-widget-image\" data-id=\"a272701\" data-element_type=\"widget\" data-e-type=\"widget\" data-widget_type=\"image.default\">\n\t\t\t\t<div class=\"elementor-widget-container\">\n\t\t\t\t\t\t\t\t\t\t\t\t\t\t\t<img fetchpriority=\"high\" decoding=\"async\" width=\"800\" height=\"450\" src=\"https:\/\/ignis-avocat.com\/wp-content\/uploads\/2025\/07\/maitre-simon-bechelen-avocat-pour-la-ligue-nationale-des-droits-de-l-hommes-ldh-en-audience-ce-vendr.webp\" class=\"attachment-large size-large wp-image-4197\" alt=\"\" srcset=\"https:\/\/ignis-avocat.com\/wp-content\/uploads\/2025\/07\/maitre-simon-bechelen-avocat-pour-la-ligue-nationale-des-droits-de-l-hommes-ldh-en-audience-ce-vendr.webp 1000w, https:\/\/ignis-avocat.com\/wp-content\/uploads\/2025\/07\/maitre-simon-bechelen-avocat-pour-la-ligue-nationale-des-droits-de-l-hommes-ldh-en-audience-ce-vendr-300x169.webp 300w, https:\/\/ignis-avocat.com\/wp-content\/uploads\/2025\/07\/maitre-simon-bechelen-avocat-pour-la-ligue-nationale-des-droits-de-l-hommes-ldh-en-audience-ce-vendr-768x432.webp 768w\" sizes=\"(max-width: 800px) 100vw, 800px\" \/>\t\t\t\t\t\t\t\t\t\t\t\t\t\t\t<\/div>\n\t\t\t\t<\/div>\n\t\t\t\t<div class=\"elementor-element elementor-element-10cb724 elementor-widget__width-initial elementor-widget elementor-widget-text-editor\" data-id=\"10cb724\" data-element_type=\"widget\" data-e-type=\"widget\" data-widget_type=\"text-editor.default\">\n\t\t\t\t<div class=\"elementor-widget-container\">\n\t\t\t\t\t\t\t\t\t<div><div><div>Le cabinet est fier d\u2019avoir port\u00e9 la voix de la Ligue des Droits de l\u2019Homme et d\u2019avoir obtenu vendredi dernier l\u2019annulation de l\u2019arr\u00eat\u00e9 du maire de Carry-le-Rouet portant :\u00a0<\/div><div>\u00a0<\/div><p>&#8211; interdiction de se baigner en burkini ;<\/p><p>&#8211; interdiction de la mendicit\u00e9.<\/p><div>\u00a0<\/div><div>Cette suspension, obtenue en moins de 48 heures, est une application de la jurisprudence constante de la juridiction administrative.<\/div><div>\u00a0<\/div><div>Cette jurisprudence, toujours la m\u00eame depuis bient\u00f4t 10 ans, sanctionne l\u2019absence d\u2019\u00e9l\u00e9ments apport\u00e9s par la commune de Carry-le-Rouet pour justifier l\u2019\u00e9diction d\u2019une mesure de police administrative.<\/div><div>\u00a0<\/div><div>En ce sens, le magistrat retient que le trouble \u00e0 l\u2019ordre public n\u2019\u00e9tait pas d\u00e9montr\u00e9 et l\u2019arr\u00eat\u00e9 attaqu\u00e9 <em>\u00ab a ainsi port\u00e9 une atteinte grave et manifestement ill\u00e9gale aux libert\u00e9s fondamentales que sont la libert\u00e9 d\u2019aller et venir et la libert\u00e9 personnelle. \u00bb<\/em><\/div><\/div><div>\u00a0<\/div><\/div>\t\t\t\t\t\t\t\t<\/div>\n\t\t\t\t<\/div>\n\t\t\t\t\t<\/div>\n\t\t<\/div>\n\t\t\t\t\t<\/div>\n\t\t<\/section>\n\t\t\t\t<section class=\"elementor-section elementor-top-section elementor-element elementor-element-e7f2b00 elementor-section-boxed elementor-section-height-default elementor-section-height-default\" data-id=\"e7f2b00\" data-element_type=\"section\" data-e-type=\"section\" data-settings=\"{&quot;background_background&quot;:&quot;classic&quot;}\">\n\t\t\t\t\t\t<div class=\"elementor-container elementor-column-gap-default\">\n\t\t\t\t\t<div class=\"elementor-column elementor-col-100 elementor-top-column elementor-element elementor-element-10cbc97\" data-id=\"10cbc97\" data-element_type=\"column\" data-e-type=\"column\">\n\t\t\t<div class=\"elementor-widget-wrap elementor-element-populated\">\n\t\t\t\t\t\t<div class=\"elementor-element elementor-element-b75ed30 elementor-view-default elementor-widget elementor-widget-icon\" data-id=\"b75ed30\" data-element_type=\"widget\" data-e-type=\"widget\" data-widget_type=\"icon.default\">\n\t\t\t\t<div class=\"elementor-widget-container\">\n\t\t\t\t\t\t\t<div class=\"elementor-icon-wrapper\">\n\t\t\t<div class=\"elementor-icon\">\n\t\t\t<svg xmlns=\"http:\/\/www.w3.org\/2000\/svg\" xmlns:xlink=\"http:\/\/www.w3.org\/1999\/xlink\" width=\"43px\" height=\"93px\" viewBox=\"0 0 43 93\"><title>Combined Shape<\/title><desc>Created with Sketch.<\/desc><defs><linearGradient x1=\"53.7525337%\" y1=\"0%\" x2=\"50%\" y2=\"100%\" id=\"linearGradient-1\"><stop stop-color=\"#B7B7B7\" offset=\"0%\"><\/stop><stop stop-color=\"#FFFFFF\" offset=\"100%\"><\/stop><\/linearGradient><\/defs><g id=\"Website-Chosen-Pages\" stroke=\"none\" stroke-width=\"1\" fill=\"none\" fill-rule=\"evenodd\"><g id=\"Home-Page-\" transform=\"translate(-929.000000, -2726.000000)\" stroke=\"url(#linearGradient-1)\" stroke-width=\"2\"><g transform=\"translate(561.000000, 2726.000000)\"><path d=\"M389.5,0 L389.5,93 M369.5,57.3081081 L369.5,93 M399.5,31.6702703 L399.5,93 M409.5,57.3081081 L409.5,93 M379.5,21.6162162 L379.5,93\" id=\"Combined-Shape\"><\/path><\/g><\/g><\/g><\/svg>\t\t\t<\/div>\n\t\t<\/div>\n\t\t\t\t\t\t<\/div>\n\t\t\t\t<\/div>\n\t\t\t\t<div class=\"elementor-element elementor-element-6835bfd elementor-widget elementor-widget-heading\" data-id=\"6835bfd\" data-element_type=\"widget\" data-e-type=\"widget\" data-settings=\"{&quot;motion_fx_motion_fx_scrolling&quot;:&quot;yes&quot;,&quot;motion_fx_devices&quot;:[&quot;desktop&quot;,&quot;tablet&quot;,&quot;mobile&quot;]}\" data-widget_type=\"heading.default\">\n\t\t\t\t<div class=\"elementor-widget-container\">\n\t\t\t\t\t<h2 class=\"elementor-heading-title elementor-size-default\">Pour en savoir plus :<\/h2>\t\t\t\t<\/div>\n\t\t\t\t<\/div>\n\t\t\t\t<div class=\"elementor-element elementor-element-b0828be elementor-widget__width-initial elementor-widget elementor-widget-text-editor\" data-id=\"b0828be\" data-element_type=\"widget\" data-e-type=\"widget\" data-widget_type=\"text-editor.default\">\n\t\t\t\t<div class=\"elementor-widget-container\">\n\t\t\t\t\t\t\t\t\t<p><span style=\"text-decoration: underline;\"><strong>La d\u00e9cision de justice :<\/strong><\/span><\/p><p><span style=\"color: #ffffff;\"><a style=\"color: #ffffff;\" href=\"https:\/\/ignis-avocat.com\/wp-content\/uploads\/2025\/07\/Ordonnance-du-11-juillet-2025-n\u00b02508111.pdf\">Tribunal administratif de Marseille, 11 juillet 2025 n\u00b02508111<\/a><\/span><\/p><p><span style=\"text-decoration: underline;\"><strong>Les articles de presse :<\/strong><\/span><\/p><p><span style=\"color: #ffffff;\"><strong>L&rsquo;article de la LDH<\/strong> : <a style=\"color: #ffffff;\" href=\"https:\/\/site.ldh-france.org\/marseille\/la-ldh-fait-suspendre-linterdiction-du-burkini-a-carry-le-rouet\/\">La LDH fait suspendre l&rsquo;interdiction du burkini \u00e0 Carry-le-Rouet<\/a><\/span><\/p><p><span style=\"color: #ffffff;\"><strong>L&rsquo;article de la Provence<\/strong> : <a style=\"color: #ffffff;\" href=\"https:\/\/www.laprovence.com\/article\/faits-divers-justice\/9174227616134814\/la-justice-annule-l\">La justice annule l\u2019arr\u00eat\u00e9 anti-burkini du maire de Carry-le-Rouet : \u00ab\u00a0Une atteinte grave et ill\u00e9gale\u00a0\u00bb<\/a><\/span><\/p><p><b>L&rsquo;article du Figaro<\/b> : <span style=\"color: #ffffff;\"><a style=\"color: #ffffff;\" href=\"https:\/\/www.lefigaro.fr\/marseille\/dans-les-bouches-du-rhone-un-arrete-interdisant-la-baignade-en-burkini-annule-par-la-justice-20250715\">Dans les Bouches-du-Rh\u00f4ne, un arr\u00eat\u00e9 interdisant la baignade en burkini annul\u00e9 par la justice<\/a><\/span><\/p><p><span style=\"color: #ffffff;\"><strong>L&rsquo;article de France 3<\/strong> : <a style=\"color: #ffffff;\" href=\"https:\/\/france3-regions.franceinfo.fr\/provence-alpes-cote-d-azur\/bouches-du-rhone\/marseille\/jeune-fille-en-burkini-expulsee-d-une-plage-la-ligue-des-droits-de-l-homme-obtient-la-suspension-de-l-arrete-municipal-3186672.html\">Jeune fille en burkini expuls\u00e9e d&rsquo;une plage : la Ligue des droits de l&rsquo;homme obtient la suspension de l&rsquo;arr\u00eat\u00e9 municipal<\/a><\/span><\/p><p><span style=\"color: #ffffff;\"><strong>L&rsquo;article de Marsactu<\/strong> : <a style=\"color: #ffffff;\" href=\"https:\/\/marsactu.fr\/la-justice-annule-un-arrete-sur-linterdiction-du-burkini-a-carry-le-rouet\/\">La justice annule un arr\u00eat\u00e9 sur l\u2019interdiction du burkini \u00e0 Carry-le-Rouet<\/a><\/span><\/p>\t\t\t\t\t\t\t\t<\/div>\n\t\t\t\t<\/div>\n\t\t\t\t\t<\/div>\n\t\t<\/div>\n\t\t\t\t\t<\/div>\n\t\t<\/section>\n\t\t\t\t<section class=\"elementor-section elementor-top-section elementor-element elementor-element-0ad433e elementor-section-boxed elementor-section-height-default elementor-section-height-default\" data-id=\"0ad433e\" data-element_type=\"section\" data-e-type=\"section\">\n\t\t\t\t\t\t<div class=\"elementor-container elementor-column-gap-default\">\n\t\t\t\t\t<div class=\"elementor-column elementor-col-100 elementor-top-column elementor-element elementor-element-7110ffc\" data-id=\"7110ffc\" data-element_type=\"column\" data-e-type=\"column\">\n\t\t\t<div class=\"elementor-widget-wrap elementor-element-populated\">\n\t\t\t\t\t\t<div class=\"elementor-element elementor-element-8444d3c elementor-view-default elementor-widget elementor-widget-icon\" data-id=\"8444d3c\" data-element_type=\"widget\" data-e-type=\"widget\" data-widget_type=\"icon.default\">\n\t\t\t\t<div class=\"elementor-widget-container\">\n\t\t\t\t\t\t\t<div class=\"elementor-icon-wrapper\">\n\t\t\t<div class=\"elementor-icon\">\n\t\t\t<svg xmlns=\"http:\/\/www.w3.org\/2000\/svg\" xmlns:xlink=\"http:\/\/www.w3.org\/1999\/xlink\" width=\"43px\" height=\"93px\" viewBox=\"0 0 43 93\"><title>Combined Shape<\/title><desc>Created with Sketch.<\/desc><defs><linearGradient x1=\"53.7525337%\" y1=\"0%\" x2=\"50%\" y2=\"100%\" id=\"linearGradient-1\"><stop stop-color=\"#B7B7B7\" offset=\"0%\"><\/stop><stop stop-color=\"#FFFFFF\" offset=\"100%\"><\/stop><\/linearGradient><\/defs><g id=\"Website-Chosen-Pages\" stroke=\"none\" stroke-width=\"1\" fill=\"none\" fill-rule=\"evenodd\"><g id=\"Home-Page-\" transform=\"translate(-929.000000, -2726.000000)\" stroke=\"url(#linearGradient-1)\" stroke-width=\"2\"><g transform=\"translate(561.000000, 2726.000000)\"><path d=\"M389.5,0 L389.5,93 M369.5,57.3081081 L369.5,93 M399.5,31.6702703 L399.5,93 M409.5,57.3081081 L409.5,93 M379.5,21.6162162 L379.5,93\" id=\"Combined-Shape\"><\/path><\/g><\/g><\/g><\/svg>\t\t\t<\/div>\n\t\t<\/div>\n\t\t\t\t\t\t<\/div>\n\t\t\t\t<\/div>\n\t\t\t\t<div class=\"elementor-element elementor-element-e56e7c2 elementor-widget elementor-widget-heading\" data-id=\"e56e7c2\" data-element_type=\"widget\" data-e-type=\"widget\" data-widget_type=\"heading.default\">\n\t\t\t\t<div class=\"elementor-widget-container\">\n\t\t\t\t\t<h2 class=\"elementor-heading-title elementor-size-default\">Les Services propos\u00e9s par le cabinet Ignis avocat<\/h2>\t\t\t\t<\/div>\n\t\t\t\t<\/div>\n\t\t\t\t<section class=\"elementor-section elementor-inner-section elementor-element elementor-element-7fb77fd elementor-section-full_width elementor-section-height-default elementor-section-height-default\" data-id=\"7fb77fd\" data-element_type=\"section\" data-e-type=\"section\">\n\t\t\t\t\t\t<div class=\"elementor-container elementor-column-gap-default\">\n\t\t\t\t\t<div class=\"elementor-column elementor-col-50 elementor-inner-column elementor-element elementor-element-963ae02\" data-id=\"963ae02\" data-element_type=\"column\" data-e-type=\"column\">\n\t\t\t<div class=\"elementor-widget-wrap elementor-element-populated\">\n\t\t\t\t\t\t<div class=\"elementor-element elementor-element-011eb7e elementor-view-default elementor-position-block-start elementor-mobile-position-block-start elementor-widget elementor-widget-icon-box\" data-id=\"011eb7e\" data-element_type=\"widget\" data-e-type=\"widget\" data-widget_type=\"icon-box.default\">\n\t\t\t\t<div class=\"elementor-widget-container\">\n\t\t\t\t\t\t\t<div class=\"elementor-icon-box-wrapper\">\n\n\t\t\t\t\t\t<div class=\"elementor-icon-box-icon\">\n\t\t\t\t<span  class=\"elementor-icon\">\n\t\t\t\t<i aria-hidden=\"true\" class=\"fas fa-comments\"><\/i>\t\t\t\t<\/span>\n\t\t\t<\/div>\n\t\t\t\n\t\t\t\t\t\t<div class=\"elementor-icon-box-content\">\n\n\t\t\t\t\t\t\t\t\t<h3 class=\"elementor-icon-box-title\">\n\t\t\t\t\t\t<span  >\n\t\t\t\t\t\t\tRECOURS GRACIEUX DEVANT L'AUTORIT\u00c9 ADMINISTRATIVE\t\t\t\t\t\t<\/span>\n\t\t\t\t\t<\/h3>\n\t\t\t\t\n\t\t\t\t\t\t\t\t\t<p class=\"elementor-icon-box-description\">\n\t\t\t\t\t\tIgnis avocat construit votre dossier et adresse une mise en demeure \u00e0 l'autorit\u00e9 administrative afin qu'elle retire sa d\u00e9cision.\t\t\t\t\t<\/p>\n\t\t\t\t\n\t\t\t<\/div>\n\t\t\t\n\t\t<\/div>\n\t\t\t\t\t\t<\/div>\n\t\t\t\t<\/div>\n\t\t\t\t\t<\/div>\n\t\t<\/div>\n\t\t\t\t<div class=\"elementor-column elementor-col-50 elementor-inner-column elementor-element elementor-element-5329a7c\" data-id=\"5329a7c\" data-element_type=\"column\" data-e-type=\"column\">\n\t\t\t<div class=\"elementor-widget-wrap elementor-element-populated\">\n\t\t\t\t\t\t<div class=\"elementor-element elementor-element-d64ddb3 elementor-widget__width-initial elementor-view-default elementor-position-block-start elementor-mobile-position-block-start elementor-widget elementor-widget-icon-box\" data-id=\"d64ddb3\" data-element_type=\"widget\" data-e-type=\"widget\" data-widget_type=\"icon-box.default\">\n\t\t\t\t<div class=\"elementor-widget-container\">\n\t\t\t\t\t\t\t<div class=\"elementor-icon-box-wrapper\">\n\n\t\t\t\t\t\t<div class=\"elementor-icon-box-icon\">\n\t\t\t\t<span  class=\"elementor-icon\">\n\t\t\t\t<i aria-hidden=\"true\" class=\"fas fa-university\"><\/i>\t\t\t\t<\/span>\n\t\t\t<\/div>\n\t\t\t\n\t\t\t\t\t\t<div class=\"elementor-icon-box-content\">\n\n\t\t\t\t\t\t\t\t\t<h3 class=\"elementor-icon-box-title\">\n\t\t\t\t\t\t<span  >\n\t\t\t\t\t\t\tRECOURS DEVANT LE JUGE ADMINISTRATIF\t\t\t\t\t\t<\/span>\n\t\t\t\t\t<\/h3>\n\t\t\t\t\n\t\t\t\t\t\t\t\t\t<p class=\"elementor-icon-box-description\">\n\t\t\t\t\t\tCe recours peut consister en une proc\u00e9dure d\u2019urgence appel\u00e9e r\u00e9f\u00e9r\u00e9 qui permet d\u2019obtenir une d\u00e9cision plus rapidement ou bien d\u2019un recours au fond afin d\u2019obtenir l\u2019annulation de la d\u00e9cision administrative.\n\t\t\t\t\t<\/p>\n\t\t\t\t\n\t\t\t<\/div>\n\t\t\t\n\t\t<\/div>\n\t\t\t\t\t\t<\/div>\n\t\t\t\t<\/div>\n\t\t\t\t\t<\/div>\n\t\t<\/div>\n\t\t\t\t\t<\/div>\n\t\t<\/section>\n\t\t\t\t\t<\/div>\n\t\t<\/div>\n\t\t\t\t\t<\/div>\n\t\t<\/section>\n\t\t\t\t<section class=\"elementor-section elementor-top-section elementor-element elementor-element-83008fe elementor-section-boxed elementor-section-height-default elementor-section-height-default\" data-id=\"83008fe\" data-element_type=\"section\" data-e-type=\"section\">\n\t\t\t\t\t\t<div class=\"elementor-container elementor-column-gap-default\">\n\t\t\t\t\t<div class=\"elementor-column elementor-col-100 elementor-top-column elementor-element elementor-element-dedb7a1\" data-id=\"dedb7a1\" data-element_type=\"column\" data-e-type=\"column\">\n\t\t\t<div class=\"elementor-widget-wrap elementor-element-populated\">\n\t\t\t\t\t\t<section class=\"elementor-section elementor-inner-section elementor-element elementor-element-584af19 elementor-section-content-middle elementor-section-boxed elementor-section-height-default elementor-section-height-default\" data-id=\"584af19\" data-element_type=\"section\" data-e-type=\"section\">\n\t\t\t\t\t\t<div class=\"elementor-container elementor-column-gap-default\">\n\t\t\t\t\t<div class=\"elementor-column elementor-col-100 elementor-inner-column elementor-element elementor-element-d1003bd\" data-id=\"d1003bd\" data-element_type=\"column\" data-e-type=\"column\">\n\t\t\t<div class=\"elementor-widget-wrap elementor-element-populated\">\n\t\t\t\t\t\t<div class=\"elementor-element elementor-element-20044d1 elementor-align-center elementor-widget elementor-widget-button\" data-id=\"20044d1\" data-element_type=\"widget\" data-e-type=\"widget\" data-widget_type=\"button.default\">\n\t\t\t\t<div class=\"elementor-widget-container\">\n\t\t\t\t\t\t\t\t\t<div class=\"elementor-button-wrapper\">\n\t\t\t\t\t<a class=\"elementor-button elementor-button-link elementor-size-sm\" href=\"https:\/\/ignis-avocat.com\/index.php\/contact\/\">\n\t\t\t\t\t\t<span class=\"elementor-button-content-wrapper\">\n\t\t\t\t\t\t\t\t\t<span class=\"elementor-button-text\">PRENDRE RENDEZ-VOUS<\/span>\n\t\t\t\t\t<\/span>\n\t\t\t\t\t<\/a>\n\t\t\t\t<\/div>\n\t\t\t\t\t\t\t\t<\/div>\n\t\t\t\t<\/div>\n\t\t\t\t\t<\/div>\n\t\t<\/div>\n\t\t\t\t\t<\/div>\n\t\t<\/section>\n\t\t\t\t\t<\/div>\n\t\t<\/div>\n\t\t\t\t\t<\/div>\n\t\t<\/section>\n\t\t\t\t<\/div>\n\t\t","protected":false},"excerpt":{"rendered":"<p>Combined ShapeCreated with Sketch. La justice annule l\u2019arr\u00eat\u00e9 anti-burkini du maire de Carry-le-Rouet : \u00ab\u00a0Une atteinte grave et ill\u00e9gale\u00a0\u00bb Le cabinet est fier d\u2019avoir port\u00e9 la voix de la Ligue des Droits de l\u2019Homme et d\u2019avoir obtenu vendredi dernier l\u2019annulation de l\u2019arr\u00eat\u00e9 du maire de Carry-le-Rouet portant :\u00a0\u00a0 &#8211; interdiction de se baigner en burkini [&hellip;]<\/p>\n","protected":false},"author":1,"featured_media":4197,"comment_status":"open","ping_status":"open","sticky":false,"template":"","format":"standard","meta":{"_monsterinsights_skip_tracking":false,"_monsterinsights_sitenote_active":false,"_monsterinsights_sitenote_note":"","_monsterinsights_sitenote_category":0,"footnotes":""},"categories":[7],"tags":[],"class_list":["post-4196","post","type-post","status-publish","format-standard","has-post-thumbnail","hentry","category-actualites"],"yoast_head":"<!-- This site is optimized with the Yoast SEO plugin v27.4 - https:\/\/yoast.com\/product\/yoast-seo-wordpress\/ -->\n<title>La justice annule l\u2019arr\u00eat\u00e9 anti-burkini du maire de Carry-le-Rouet : &quot;Une atteinte grave et ill\u00e9gale&quot;<\/title>\n<meta name=\"description\" content=\"Le cabinet et la Ligue des Droits de l\u2019Homme obtiennent l\u2019annulation d&#039;un arr\u00eat\u00e9 portant interdiction de se baigner en burkini et interdiction de la mendicit\u00e9.\" \/>\n<meta name=\"robots\" content=\"index, follow, max-snippet:-1, max-image-preview:large, max-video-preview:-1\" \/>\n<link rel=\"canonical\" href=\"https:\/\/ignis-avocat.com\/index.php\/2025\/07\/15\/la-justice-annule-larrete-anti-burkini-du-maire-de-carry-le-rouet-une-atteinte-grave-et-illegale\/\" \/>\n<meta property=\"og:locale\" content=\"fr_FR\" \/>\n<meta property=\"og:type\" content=\"article\" \/>\n<meta property=\"og:title\" content=\"La justice annule l\u2019arr\u00eat\u00e9 anti-burkini du maire de Carry-le-Rouet : &quot;Une atteinte grave et ill\u00e9gale&quot;\" \/>\n<meta property=\"og:description\" content=\"Le cabinet et la Ligue des Droits de l\u2019Homme obtiennent l\u2019annulation d&#039;un arr\u00eat\u00e9 portant interdiction de se baigner en burkini et interdiction de la mendicit\u00e9.\" \/>\n<meta property=\"og:url\" content=\"https:\/\/ignis-avocat.com\/index.php\/2025\/07\/15\/la-justice-annule-larrete-anti-burkini-du-maire-de-carry-le-rouet-une-atteinte-grave-et-illegale\/\" \/>\n<meta property=\"og:site_name\" content=\"Ignis avocat\" \/>\n<meta property=\"article:published_time\" content=\"2025-07-15T10:15:00+00:00\" \/>\n<meta property=\"article:modified_time\" content=\"2025-11-12T15:04:04+00:00\" \/>\n<meta property=\"og:image\" content=\"https:\/\/ignis-avocat.com\/wp-content\/uploads\/2025\/07\/maitre-simon-bechelen-avocat-pour-la-ligue-nationale-des-droits-de-l-hommes-ldh-en-audience-ce-vendr.webp\" \/>\n\t<meta property=\"og:image:width\" content=\"1000\" \/>\n\t<meta property=\"og:image:height\" content=\"563\" \/>\n\t<meta property=\"og:image:type\" content=\"image\/jpeg\" \/>\n<meta name=\"author\" content=\"Simon Bechelen\" \/>\n<meta name=\"twitter:card\" content=\"summary_large_image\" \/>\n<meta name=\"twitter:label1\" content=\"\u00c9crit par\" \/>\n\t<meta name=\"twitter:data1\" content=\"Simon Bechelen\" \/>\n\t<meta name=\"twitter:label2\" content=\"Dur\u00e9e de lecture estim\u00e9e\" \/>\n\t<meta name=\"twitter:data2\" content=\"2 minutes\" \/>\n<script type=\"application\/ld+json\" class=\"yoast-schema-graph\">{\"@context\":\"https:\\\/\\\/schema.org\",\"@graph\":[{\"@type\":\"Article\",\"@id\":\"https:\\\/\\\/ignis-avocat.com\\\/index.php\\\/2025\\\/07\\\/15\\\/la-justice-annule-larrete-anti-burkini-du-maire-de-carry-le-rouet-une-atteinte-grave-et-illegale\\\/#article\",\"isPartOf\":{\"@id\":\"https:\\\/\\\/ignis-avocat.com\\\/index.php\\\/2025\\\/07\\\/15\\\/la-justice-annule-larrete-anti-burkini-du-maire-de-carry-le-rouet-une-atteinte-grave-et-illegale\\\/\"},\"author\":{\"name\":\"Simon Bechelen\",\"@id\":\"https:\\\/\\\/ignis-avocat.com\\\/#\\\/schema\\\/person\\\/23a8052bacfd65492919cb16ac621a52\"},\"headline\":\"La justice annule l\u2019arr\u00eat\u00e9 anti-burkini du maire de Carry-le-Rouet : \u00ab\u00a0Une atteinte grave et ill\u00e9gale\u00a0\u00bb\",\"datePublished\":\"2025-07-15T10:15:00+00:00\",\"dateModified\":\"2025-11-12T15:04:04+00:00\",\"mainEntityOfPage\":{\"@id\":\"https:\\\/\\\/ignis-avocat.com\\\/index.php\\\/2025\\\/07\\\/15\\\/la-justice-annule-larrete-anti-burkini-du-maire-de-carry-le-rouet-une-atteinte-grave-et-illegale\\\/\"},\"wordCount\":394,\"commentCount\":0,\"publisher\":{\"@id\":\"https:\\\/\\\/ignis-avocat.com\\\/#organization\"},\"image\":{\"@id\":\"https:\\\/\\\/ignis-avocat.com\\\/index.php\\\/2025\\\/07\\\/15\\\/la-justice-annule-larrete-anti-burkini-du-maire-de-carry-le-rouet-une-atteinte-grave-et-illegale\\\/#primaryimage\"},\"thumbnailUrl\":\"https:\\\/\\\/ignis-avocat.com\\\/wp-content\\\/uploads\\\/2025\\\/07\\\/maitre-simon-bechelen-avocat-pour-la-ligue-nationale-des-droits-de-l-hommes-ldh-en-audience-ce-vendr.webp\",\"articleSection\":[\"Actualit\u00e9s\"],\"inLanguage\":\"fr-FR\",\"potentialAction\":[{\"@type\":\"CommentAction\",\"name\":\"Comment\",\"target\":[\"https:\\\/\\\/ignis-avocat.com\\\/index.php\\\/2025\\\/07\\\/15\\\/la-justice-annule-larrete-anti-burkini-du-maire-de-carry-le-rouet-une-atteinte-grave-et-illegale\\\/#respond\"]}]},{\"@type\":\"WebPage\",\"@id\":\"https:\\\/\\\/ignis-avocat.com\\\/index.php\\\/2025\\\/07\\\/15\\\/la-justice-annule-larrete-anti-burkini-du-maire-de-carry-le-rouet-une-atteinte-grave-et-illegale\\\/\",\"url\":\"https:\\\/\\\/ignis-avocat.com\\\/index.php\\\/2025\\\/07\\\/15\\\/la-justice-annule-larrete-anti-burkini-du-maire-de-carry-le-rouet-une-atteinte-grave-et-illegale\\\/\",\"name\":\"La justice annule l\u2019arr\u00eat\u00e9 anti-burkini du maire de Carry-le-Rouet : \\\"Une atteinte grave et ill\u00e9gale\\\"\",\"isPartOf\":{\"@id\":\"https:\\\/\\\/ignis-avocat.com\\\/#website\"},\"primaryImageOfPage\":{\"@id\":\"https:\\\/\\\/ignis-avocat.com\\\/index.php\\\/2025\\\/07\\\/15\\\/la-justice-annule-larrete-anti-burkini-du-maire-de-carry-le-rouet-une-atteinte-grave-et-illegale\\\/#primaryimage\"},\"image\":{\"@id\":\"https:\\\/\\\/ignis-avocat.com\\\/index.php\\\/2025\\\/07\\\/15\\\/la-justice-annule-larrete-anti-burkini-du-maire-de-carry-le-rouet-une-atteinte-grave-et-illegale\\\/#primaryimage\"},\"thumbnailUrl\":\"https:\\\/\\\/ignis-avocat.com\\\/wp-content\\\/uploads\\\/2025\\\/07\\\/maitre-simon-bechelen-avocat-pour-la-ligue-nationale-des-droits-de-l-hommes-ldh-en-audience-ce-vendr.webp\",\"datePublished\":\"2025-07-15T10:15:00+00:00\",\"dateModified\":\"2025-11-12T15:04:04+00:00\",\"description\":\"Le cabinet et la Ligue des Droits de l\u2019Homme obtiennent l\u2019annulation d'un arr\u00eat\u00e9 portant interdiction de se baigner en burkini et interdiction de la mendicit\u00e9.\",\"breadcrumb\":{\"@id\":\"https:\\\/\\\/ignis-avocat.com\\\/index.php\\\/2025\\\/07\\\/15\\\/la-justice-annule-larrete-anti-burkini-du-maire-de-carry-le-rouet-une-atteinte-grave-et-illegale\\\/#breadcrumb\"},\"inLanguage\":\"fr-FR\",\"potentialAction\":[{\"@type\":\"ReadAction\",\"target\":[\"https:\\\/\\\/ignis-avocat.com\\\/index.php\\\/2025\\\/07\\\/15\\\/la-justice-annule-larrete-anti-burkini-du-maire-de-carry-le-rouet-une-atteinte-grave-et-illegale\\\/\"]}]},{\"@type\":\"ImageObject\",\"inLanguage\":\"fr-FR\",\"@id\":\"https:\\\/\\\/ignis-avocat.com\\\/index.php\\\/2025\\\/07\\\/15\\\/la-justice-annule-larrete-anti-burkini-du-maire-de-carry-le-rouet-une-atteinte-grave-et-illegale\\\/#primaryimage\",\"url\":\"https:\\\/\\\/ignis-avocat.com\\\/wp-content\\\/uploads\\\/2025\\\/07\\\/maitre-simon-bechelen-avocat-pour-la-ligue-nationale-des-droits-de-l-hommes-ldh-en-audience-ce-vendr.webp\",\"contentUrl\":\"https:\\\/\\\/ignis-avocat.com\\\/wp-content\\\/uploads\\\/2025\\\/07\\\/maitre-simon-bechelen-avocat-pour-la-ligue-nationale-des-droits-de-l-hommes-ldh-en-audience-ce-vendr.webp\",\"width\":1000,\"height\":563},{\"@type\":\"BreadcrumbList\",\"@id\":\"https:\\\/\\\/ignis-avocat.com\\\/index.php\\\/2025\\\/07\\\/15\\\/la-justice-annule-larrete-anti-burkini-du-maire-de-carry-le-rouet-une-atteinte-grave-et-illegale\\\/#breadcrumb\",\"itemListElement\":[{\"@type\":\"ListItem\",\"position\":1,\"name\":\"Accueil\",\"item\":\"https:\\\/\\\/ignis-avocat.com\\\/\"},{\"@type\":\"ListItem\",\"position\":2,\"name\":\"La justice annule l\u2019arr\u00eat\u00e9 anti-burkini du maire de Carry-le-Rouet : \u00ab\u00a0Une atteinte grave et ill\u00e9gale\u00a0\u00bb\"}]},{\"@type\":\"WebSite\",\"@id\":\"https:\\\/\\\/ignis-avocat.com\\\/#website\",\"url\":\"https:\\\/\\\/ignis-avocat.com\\\/\",\"name\":\"Ignis avocat\",\"description\":\"\",\"publisher\":{\"@id\":\"https:\\\/\\\/ignis-avocat.com\\\/#organization\"},\"potentialAction\":[{\"@type\":\"SearchAction\",\"target\":{\"@type\":\"EntryPoint\",\"urlTemplate\":\"https:\\\/\\\/ignis-avocat.com\\\/?s={search_term_string}\"},\"query-input\":{\"@type\":\"PropertyValueSpecification\",\"valueRequired\":true,\"valueName\":\"search_term_string\"}}],\"inLanguage\":\"fr-FR\"},{\"@type\":\"Organization\",\"@id\":\"https:\\\/\\\/ignis-avocat.com\\\/#organization\",\"name\":\"Ignis avocat\",\"url\":\"https:\\\/\\\/ignis-avocat.com\\\/\",\"logo\":{\"@type\":\"ImageObject\",\"inLanguage\":\"fr-FR\",\"@id\":\"https:\\\/\\\/ignis-avocat.com\\\/#\\\/schema\\\/logo\\\/image\\\/\",\"url\":\"https:\\\/\\\/ignis-avocat.com\\\/wp-content\\\/uploads\\\/2023\\\/11\\\/cropped-IGNIS-8.png\",\"contentUrl\":\"https:\\\/\\\/ignis-avocat.com\\\/wp-content\\\/uploads\\\/2023\\\/11\\\/cropped-IGNIS-8.png\",\"width\":512,\"height\":512,\"caption\":\"Ignis avocat\"},\"image\":{\"@id\":\"https:\\\/\\\/ignis-avocat.com\\\/#\\\/schema\\\/logo\\\/image\\\/\"},\"sameAs\":[\"https:\\\/\\\/www.linkedin.com\\\/in\\\/simon-bechelen-a2558016b\\\/\"]},{\"@type\":\"Person\",\"@id\":\"https:\\\/\\\/ignis-avocat.com\\\/#\\\/schema\\\/person\\\/23a8052bacfd65492919cb16ac621a52\",\"name\":\"Simon Bechelen\",\"image\":{\"@type\":\"ImageObject\",\"inLanguage\":\"fr-FR\",\"@id\":\"https:\\\/\\\/secure.gravatar.com\\\/avatar\\\/2be050aec229e60c80ff2568f734a7940f29c682cb1d844c6edf7770e18cb0e2?s=96&d=mm&r=g\",\"url\":\"https:\\\/\\\/secure.gravatar.com\\\/avatar\\\/2be050aec229e60c80ff2568f734a7940f29c682cb1d844c6edf7770e18cb0e2?s=96&d=mm&r=g\",\"contentUrl\":\"https:\\\/\\\/secure.gravatar.com\\\/avatar\\\/2be050aec229e60c80ff2568f734a7940f29c682cb1d844c6edf7770e18cb0e2?s=96&d=mm&r=g\",\"caption\":\"Simon Bechelen\"},\"sameAs\":[\"http:\\\/\\\/ignis-avocat.com\"],\"url\":\"https:\\\/\\\/ignis-avocat.com\\\/index.php\\\/author\\\/ignis-avocat-com\\\/\"}]}<\/script>\n<!-- \/ Yoast SEO plugin. -->","yoast_head_json":{"title":"La justice annule l\u2019arr\u00eat\u00e9 anti-burkini du maire de Carry-le-Rouet : \"Une atteinte grave et ill\u00e9gale\"","description":"Le cabinet et la Ligue des Droits de l\u2019Homme obtiennent l\u2019annulation d'un arr\u00eat\u00e9 portant interdiction de se baigner en burkini et interdiction de la mendicit\u00e9.","robots":{"index":"index","follow":"follow","max-snippet":"max-snippet:-1","max-image-preview":"max-image-preview:large","max-video-preview":"max-video-preview:-1"},"canonical":"https:\/\/ignis-avocat.com\/index.php\/2025\/07\/15\/la-justice-annule-larrete-anti-burkini-du-maire-de-carry-le-rouet-une-atteinte-grave-et-illegale\/","og_locale":"fr_FR","og_type":"article","og_title":"La justice annule l\u2019arr\u00eat\u00e9 anti-burkini du maire de Carry-le-Rouet : \"Une atteinte grave et ill\u00e9gale\"","og_description":"Le cabinet et la Ligue des Droits de l\u2019Homme obtiennent l\u2019annulation d'un arr\u00eat\u00e9 portant interdiction de se baigner en burkini et interdiction de la mendicit\u00e9.","og_url":"https:\/\/ignis-avocat.com\/index.php\/2025\/07\/15\/la-justice-annule-larrete-anti-burkini-du-maire-de-carry-le-rouet-une-atteinte-grave-et-illegale\/","og_site_name":"Ignis avocat","article_published_time":"2025-07-15T10:15:00+00:00","article_modified_time":"2025-11-12T15:04:04+00:00","og_image":[{"width":1000,"height":563,"url":"https:\/\/ignis-avocat.com\/wp-content\/uploads\/2025\/07\/maitre-simon-bechelen-avocat-pour-la-ligue-nationale-des-droits-de-l-hommes-ldh-en-audience-ce-vendr.webp","type":"image\/jpeg"}],"author":"Simon Bechelen","twitter_card":"summary_large_image","twitter_misc":{"\u00c9crit par":"Simon Bechelen","Dur\u00e9e de lecture estim\u00e9e":"2 minutes"},"schema":{"@context":"https:\/\/schema.org","@graph":[{"@type":"Article","@id":"https:\/\/ignis-avocat.com\/index.php\/2025\/07\/15\/la-justice-annule-larrete-anti-burkini-du-maire-de-carry-le-rouet-une-atteinte-grave-et-illegale\/#article","isPartOf":{"@id":"https:\/\/ignis-avocat.com\/index.php\/2025\/07\/15\/la-justice-annule-larrete-anti-burkini-du-maire-de-carry-le-rouet-une-atteinte-grave-et-illegale\/"},"author":{"name":"Simon Bechelen","@id":"https:\/\/ignis-avocat.com\/#\/schema\/person\/23a8052bacfd65492919cb16ac621a52"},"headline":"La justice annule l\u2019arr\u00eat\u00e9 anti-burkini du maire de Carry-le-Rouet : \u00ab\u00a0Une atteinte grave et ill\u00e9gale\u00a0\u00bb","datePublished":"2025-07-15T10:15:00+00:00","dateModified":"2025-11-12T15:04:04+00:00","mainEntityOfPage":{"@id":"https:\/\/ignis-avocat.com\/index.php\/2025\/07\/15\/la-justice-annule-larrete-anti-burkini-du-maire-de-carry-le-rouet-une-atteinte-grave-et-illegale\/"},"wordCount":394,"commentCount":0,"publisher":{"@id":"https:\/\/ignis-avocat.com\/#organization"},"image":{"@id":"https:\/\/ignis-avocat.com\/index.php\/2025\/07\/15\/la-justice-annule-larrete-anti-burkini-du-maire-de-carry-le-rouet-une-atteinte-grave-et-illegale\/#primaryimage"},"thumbnailUrl":"https:\/\/ignis-avocat.com\/wp-content\/uploads\/2025\/07\/maitre-simon-bechelen-avocat-pour-la-ligue-nationale-des-droits-de-l-hommes-ldh-en-audience-ce-vendr.webp","articleSection":["Actualit\u00e9s"],"inLanguage":"fr-FR","potentialAction":[{"@type":"CommentAction","name":"Comment","target":["https:\/\/ignis-avocat.com\/index.php\/2025\/07\/15\/la-justice-annule-larrete-anti-burkini-du-maire-de-carry-le-rouet-une-atteinte-grave-et-illegale\/#respond"]}]},{"@type":"WebPage","@id":"https:\/\/ignis-avocat.com\/index.php\/2025\/07\/15\/la-justice-annule-larrete-anti-burkini-du-maire-de-carry-le-rouet-une-atteinte-grave-et-illegale\/","url":"https:\/\/ignis-avocat.com\/index.php\/2025\/07\/15\/la-justice-annule-larrete-anti-burkini-du-maire-de-carry-le-rouet-une-atteinte-grave-et-illegale\/","name":"La justice annule l\u2019arr\u00eat\u00e9 anti-burkini du maire de Carry-le-Rouet : \"Une atteinte grave et ill\u00e9gale\"","isPartOf":{"@id":"https:\/\/ignis-avocat.com\/#website"},"primaryImageOfPage":{"@id":"https:\/\/ignis-avocat.com\/index.php\/2025\/07\/15\/la-justice-annule-larrete-anti-burkini-du-maire-de-carry-le-rouet-une-atteinte-grave-et-illegale\/#primaryimage"},"image":{"@id":"https:\/\/ignis-avocat.com\/index.php\/2025\/07\/15\/la-justice-annule-larrete-anti-burkini-du-maire-de-carry-le-rouet-une-atteinte-grave-et-illegale\/#primaryimage"},"thumbnailUrl":"https:\/\/ignis-avocat.com\/wp-content\/uploads\/2025\/07\/maitre-simon-bechelen-avocat-pour-la-ligue-nationale-des-droits-de-l-hommes-ldh-en-audience-ce-vendr.webp","datePublished":"2025-07-15T10:15:00+00:00","dateModified":"2025-11-12T15:04:04+00:00","description":"Le cabinet et la Ligue des Droits de l\u2019Homme obtiennent l\u2019annulation d'un arr\u00eat\u00e9 portant interdiction de se baigner en burkini et interdiction de la mendicit\u00e9.","breadcrumb":{"@id":"https:\/\/ignis-avocat.com\/index.php\/2025\/07\/15\/la-justice-annule-larrete-anti-burkini-du-maire-de-carry-le-rouet-une-atteinte-grave-et-illegale\/#breadcrumb"},"inLanguage":"fr-FR","potentialAction":[{"@type":"ReadAction","target":["https:\/\/ignis-avocat.com\/index.php\/2025\/07\/15\/la-justice-annule-larrete-anti-burkini-du-maire-de-carry-le-rouet-une-atteinte-grave-et-illegale\/"]}]},{"@type":"ImageObject","inLanguage":"fr-FR","@id":"https:\/\/ignis-avocat.com\/index.php\/2025\/07\/15\/la-justice-annule-larrete-anti-burkini-du-maire-de-carry-le-rouet-une-atteinte-grave-et-illegale\/#primaryimage","url":"https:\/\/ignis-avocat.com\/wp-content\/uploads\/2025\/07\/maitre-simon-bechelen-avocat-pour-la-ligue-nationale-des-droits-de-l-hommes-ldh-en-audience-ce-vendr.webp","contentUrl":"https:\/\/ignis-avocat.com\/wp-content\/uploads\/2025\/07\/maitre-simon-bechelen-avocat-pour-la-ligue-nationale-des-droits-de-l-hommes-ldh-en-audience-ce-vendr.webp","width":1000,"height":563},{"@type":"BreadcrumbList","@id":"https:\/\/ignis-avocat.com\/index.php\/2025\/07\/15\/la-justice-annule-larrete-anti-burkini-du-maire-de-carry-le-rouet-une-atteinte-grave-et-illegale\/#breadcrumb","itemListElement":[{"@type":"ListItem","position":1,"name":"Accueil","item":"https:\/\/ignis-avocat.com\/"},{"@type":"ListItem","position":2,"name":"La justice annule l\u2019arr\u00eat\u00e9 anti-burkini du maire de Carry-le-Rouet : \u00ab\u00a0Une atteinte grave et ill\u00e9gale\u00a0\u00bb"}]},{"@type":"WebSite","@id":"https:\/\/ignis-avocat.com\/#website","url":"https:\/\/ignis-avocat.com\/","name":"Ignis avocat","description":"","publisher":{"@id":"https:\/\/ignis-avocat.com\/#organization"},"potentialAction":[{"@type":"SearchAction","target":{"@type":"EntryPoint","urlTemplate":"https:\/\/ignis-avocat.com\/?s={search_term_string}"},"query-input":{"@type":"PropertyValueSpecification","valueRequired":true,"valueName":"search_term_string"}}],"inLanguage":"fr-FR"},{"@type":"Organization","@id":"https:\/\/ignis-avocat.com\/#organization","name":"Ignis avocat","url":"https:\/\/ignis-avocat.com\/","logo":{"@type":"ImageObject","inLanguage":"fr-FR","@id":"https:\/\/ignis-avocat.com\/#\/schema\/logo\/image\/","url":"https:\/\/ignis-avocat.com\/wp-content\/uploads\/2023\/11\/cropped-IGNIS-8.png","contentUrl":"https:\/\/ignis-avocat.com\/wp-content\/uploads\/2023\/11\/cropped-IGNIS-8.png","width":512,"height":512,"caption":"Ignis avocat"},"image":{"@id":"https:\/\/ignis-avocat.com\/#\/schema\/logo\/image\/"},"sameAs":["https:\/\/www.linkedin.com\/in\/simon-bechelen-a2558016b\/"]},{"@type":"Person","@id":"https:\/\/ignis-avocat.com\/#\/schema\/person\/23a8052bacfd65492919cb16ac621a52","name":"Simon Bechelen","image":{"@type":"ImageObject","inLanguage":"fr-FR","@id":"https:\/\/secure.gravatar.com\/avatar\/2be050aec229e60c80ff2568f734a7940f29c682cb1d844c6edf7770e18cb0e2?s=96&d=mm&r=g","url":"https:\/\/secure.gravatar.com\/avatar\/2be050aec229e60c80ff2568f734a7940f29c682cb1d844c6edf7770e18cb0e2?s=96&d=mm&r=g","contentUrl":"https:\/\/secure.gravatar.com\/avatar\/2be050aec229e60c80ff2568f734a7940f29c682cb1d844c6edf7770e18cb0e2?s=96&d=mm&r=g","caption":"Simon Bechelen"},"sameAs":["http:\/\/ignis-avocat.com"],"url":"https:\/\/ignis-avocat.com\/index.php\/author\/ignis-avocat-com\/"}]}},"_links":{"self":[{"href":"https:\/\/ignis-avocat.com\/index.php\/wp-json\/wp\/v2\/posts\/4196","targetHints":{"allow":["GET"]}}],"collection":[{"href":"https:\/\/ignis-avocat.com\/index.php\/wp-json\/wp\/v2\/posts"}],"about":[{"href":"https:\/\/ignis-avocat.com\/index.php\/wp-json\/wp\/v2\/types\/post"}],"author":[{"embeddable":true,"href":"https:\/\/ignis-avocat.com\/index.php\/wp-json\/wp\/v2\/users\/1"}],"replies":[{"embeddable":true,"href":"https:\/\/ignis-avocat.com\/index.php\/wp-json\/wp\/v2\/comments?post=4196"}],"version-history":[{"count":11,"href":"https:\/\/ignis-avocat.com\/index.php\/wp-json\/wp\/v2\/posts\/4196\/revisions"}],"predecessor-version":[{"id":4212,"href":"https:\/\/ignis-avocat.com\/index.php\/wp-json\/wp\/v2\/posts\/4196\/revisions\/4212"}],"wp:featuredmedia":[{"embeddable":true,"href":"https:\/\/ignis-avocat.com\/index.php\/wp-json\/wp\/v2\/media\/4197"}],"wp:attachment":[{"href":"https:\/\/ignis-avocat.com\/index.php\/wp-json\/wp\/v2\/media?parent=4196"}],"wp:term":[{"taxonomy":"category","embeddable":true,"href":"https:\/\/ignis-avocat.com\/index.php\/wp-json\/wp\/v2\/categories?post=4196"},{"taxonomy":"post_tag","embeddable":true,"href":"https:\/\/ignis-avocat.com\/index.php\/wp-json\/wp\/v2\/tags?post=4196"}],"curies":[{"name":"wp","href":"https:\/\/api.w.org\/{rel}","templated":true}]}}