{"id":4145,"date":"2025-02-18T17:28:07","date_gmt":"2025-02-18T16:28:07","guid":{"rendered":"https:\/\/ignis-avocat.com\/?p=4145"},"modified":"2025-11-12T16:05:06","modified_gmt":"2025-11-12T15:05:06","slug":"refere-precontractuel-manquement-publicite-concurrence","status":"publish","type":"post","link":"https:\/\/ignis-avocat.com\/index.php\/2025\/02\/18\/refere-precontractuel-manquement-publicite-concurrence\/","title":{"rendered":"Sur l\u2019opportunit\u00e9 d\u2019un r\u00e9f\u00e9r\u00e9 pr\u00e9contractuel\u200b"},"content":{"rendered":"\t\t<div data-elementor-type=\"wp-post\" data-elementor-id=\"4145\" class=\"elementor elementor-4145\" data-elementor-post-type=\"post\">\n\t\t\t\t\t\t<section class=\"elementor-section elementor-top-section elementor-element elementor-element-dcb2b62 elementor-section-boxed elementor-section-height-default elementor-section-height-default\" data-id=\"dcb2b62\" data-element_type=\"section\" data-e-type=\"section\" data-settings=\"{&quot;background_background&quot;:&quot;classic&quot;}\">\n\t\t\t\t\t\t<div class=\"elementor-container elementor-column-gap-default\">\n\t\t\t\t\t<div class=\"elementor-column elementor-col-100 elementor-top-column elementor-element elementor-element-3bd62de\" data-id=\"3bd62de\" data-element_type=\"column\" data-e-type=\"column\">\n\t\t\t<div class=\"elementor-widget-wrap elementor-element-populated\">\n\t\t\t\t\t\t<div class=\"elementor-element elementor-element-14f20e8 elementor-view-default elementor-widget elementor-widget-icon\" data-id=\"14f20e8\" data-element_type=\"widget\" data-e-type=\"widget\" data-widget_type=\"icon.default\">\n\t\t\t\t<div class=\"elementor-widget-container\">\n\t\t\t\t\t\t\t<div class=\"elementor-icon-wrapper\">\n\t\t\t<div class=\"elementor-icon\">\n\t\t\t<svg xmlns=\"http:\/\/www.w3.org\/2000\/svg\" xmlns:xlink=\"http:\/\/www.w3.org\/1999\/xlink\" width=\"43px\" height=\"93px\" viewBox=\"0 0 43 93\"><title>Combined Shape<\/title><desc>Created with Sketch.<\/desc><defs><linearGradient x1=\"53.7525337%\" y1=\"0%\" x2=\"50%\" y2=\"100%\" id=\"linearGradient-1\"><stop stop-color=\"#B7B7B7\" offset=\"0%\"><\/stop><stop stop-color=\"#FFFFFF\" offset=\"100%\"><\/stop><\/linearGradient><\/defs><g id=\"Website-Chosen-Pages\" stroke=\"none\" stroke-width=\"1\" fill=\"none\" fill-rule=\"evenodd\"><g id=\"Home-Page-\" transform=\"translate(-929.000000, -2726.000000)\" stroke=\"url(#linearGradient-1)\" stroke-width=\"2\"><g transform=\"translate(561.000000, 2726.000000)\"><path d=\"M389.5,0 L389.5,93 M369.5,57.3081081 L369.5,93 M399.5,31.6702703 L399.5,93 M409.5,57.3081081 L409.5,93 M379.5,21.6162162 L379.5,93\" id=\"Combined-Shape\"><\/path><\/g><\/g><\/g><\/svg>\t\t\t<\/div>\n\t\t<\/div>\n\t\t\t\t\t\t<\/div>\n\t\t\t\t<\/div>\n\t\t\t\t<div class=\"elementor-element elementor-element-e1914ee elementor-widget elementor-widget-heading\" data-id=\"e1914ee\" data-element_type=\"widget\" data-e-type=\"widget\" data-settings=\"{&quot;motion_fx_motion_fx_scrolling&quot;:&quot;yes&quot;,&quot;motion_fx_devices&quot;:[&quot;desktop&quot;,&quot;tablet&quot;,&quot;mobile&quot;]}\" data-widget_type=\"heading.default\">\n\t\t\t\t<div class=\"elementor-widget-container\">\n\t\t\t\t\t<h2 class=\"elementor-heading-title elementor-size-default\">Sur l\u2019Opportunit\u00e9 d\u2019un R\u00e9f\u00e9r\u00e9 Pr\u00e9contractuel<span style=\"font-style: var( --e-global-typography-text-font-style )\"><\/span><\/h2>\t\t\t\t<\/div>\n\t\t\t\t<\/div>\n\t\t\t\t<div class=\"elementor-element elementor-element-6e4685e elementor-widget elementor-widget-image\" data-id=\"6e4685e\" data-element_type=\"widget\" data-e-type=\"widget\" data-widget_type=\"image.default\">\n\t\t\t\t<div class=\"elementor-widget-container\">\n\t\t\t\t\t\t\t\t\t\t\t\t\t\t\t<img fetchpriority=\"high\" decoding=\"async\" width=\"800\" height=\"534\" src=\"https:\/\/ignis-avocat.com\/wp-content\/uploads\/2025\/02\/pexels-ds-stories-7267588-1024x683.webp\" class=\"attachment-large size-large wp-image-4147\" alt=\"\" srcset=\"https:\/\/ignis-avocat.com\/wp-content\/uploads\/2025\/02\/pexels-ds-stories-7267588-1024x683.webp 1024w, https:\/\/ignis-avocat.com\/wp-content\/uploads\/2025\/02\/pexels-ds-stories-7267588-300x200.webp 300w, https:\/\/ignis-avocat.com\/wp-content\/uploads\/2025\/02\/pexels-ds-stories-7267588-768x512.webp 768w, https:\/\/ignis-avocat.com\/wp-content\/uploads\/2025\/02\/pexels-ds-stories-7267588-1536x1024.webp 1536w, https:\/\/ignis-avocat.com\/wp-content\/uploads\/2025\/02\/pexels-ds-stories-7267588-scaled.webp 1920w\" sizes=\"(max-width: 800px) 100vw, 800px\" \/>\t\t\t\t\t\t\t\t\t\t\t\t\t\t\t<\/div>\n\t\t\t\t<\/div>\n\t\t\t\t<div class=\"elementor-element elementor-element-941875c elementor-widget__width-initial elementor-widget elementor-widget-text-editor\" data-id=\"941875c\" data-element_type=\"widget\" data-e-type=\"widget\" data-widget_type=\"text-editor.default\">\n\t\t\t\t<div class=\"elementor-widget-container\">\n\t\t\t\t\t\t\t\t\t<p>Vous avez r\u00e9cemment candidat\u00e9 \u00e0 un appel d&rsquo;offres pour obtenir un march\u00e9 public ayant pour objet l&rsquo;ex\u00e9cution de travaux, la livraison de fournitures ou la prestation de services et votre offre n&rsquo;a pas \u00e9t\u00e9 retenue? Vous envisagez un recours devant le tribunal administratif?<\/p><p>Les informations d\u00e9taill\u00e9es ci-dessous vous permettront de comprendre la proc\u00e9dure du r\u00e9f\u00e9r\u00e9 pr\u00e9contractuel et ses difficult\u00e9s.<\/p>\t\t\t\t\t\t\t\t<\/div>\n\t\t\t\t<\/div>\n\t\t\t\t\t<\/div>\n\t\t<\/div>\n\t\t\t\t\t<\/div>\n\t\t<\/section>\n\t\t\t\t<section class=\"elementor-section elementor-top-section elementor-element elementor-element-7adf8a8 elementor-section-boxed elementor-section-height-default elementor-section-height-default\" data-id=\"7adf8a8\" data-element_type=\"section\" data-e-type=\"section\" data-settings=\"{&quot;background_background&quot;:&quot;classic&quot;}\">\n\t\t\t\t\t\t<div class=\"elementor-container elementor-column-gap-default\">\n\t\t\t\t\t<div class=\"elementor-column elementor-col-100 elementor-top-column elementor-element elementor-element-ce2a69b\" data-id=\"ce2a69b\" data-element_type=\"column\" data-e-type=\"column\">\n\t\t\t<div class=\"elementor-widget-wrap elementor-element-populated\">\n\t\t\t\t\t\t<div class=\"elementor-element elementor-element-53e1317 elementor-view-default elementor-widget elementor-widget-icon\" data-id=\"53e1317\" data-element_type=\"widget\" data-e-type=\"widget\" data-widget_type=\"icon.default\">\n\t\t\t\t<div class=\"elementor-widget-container\">\n\t\t\t\t\t\t\t<div class=\"elementor-icon-wrapper\">\n\t\t\t<div class=\"elementor-icon\">\n\t\t\t<svg xmlns=\"http:\/\/www.w3.org\/2000\/svg\" xmlns:xlink=\"http:\/\/www.w3.org\/1999\/xlink\" width=\"43px\" height=\"93px\" viewBox=\"0 0 43 93\"><title>Combined Shape<\/title><desc>Created with Sketch.<\/desc><defs><linearGradient x1=\"53.7525337%\" y1=\"0%\" x2=\"50%\" y2=\"100%\" id=\"linearGradient-1\"><stop stop-color=\"#B7B7B7\" offset=\"0%\"><\/stop><stop stop-color=\"#FFFFFF\" offset=\"100%\"><\/stop><\/linearGradient><\/defs><g id=\"Website-Chosen-Pages\" stroke=\"none\" stroke-width=\"1\" fill=\"none\" fill-rule=\"evenodd\"><g id=\"Home-Page-\" transform=\"translate(-929.000000, -2726.000000)\" stroke=\"url(#linearGradient-1)\" stroke-width=\"2\"><g transform=\"translate(561.000000, 2726.000000)\"><path d=\"M389.5,0 L389.5,93 M369.5,57.3081081 L369.5,93 M399.5,31.6702703 L399.5,93 M409.5,57.3081081 L409.5,93 M379.5,21.6162162 L379.5,93\" id=\"Combined-Shape\"><\/path><\/g><\/g><\/g><\/svg>\t\t\t<\/div>\n\t\t<\/div>\n\t\t\t\t\t\t<\/div>\n\t\t\t\t<\/div>\n\t\t\t\t<div class=\"elementor-element elementor-element-fc7e099 elementor-widget elementor-widget-heading\" data-id=\"fc7e099\" data-element_type=\"widget\" data-e-type=\"widget\" data-settings=\"{&quot;motion_fx_motion_fx_scrolling&quot;:&quot;yes&quot;,&quot;motion_fx_devices&quot;:[&quot;desktop&quot;,&quot;tablet&quot;,&quot;mobile&quot;]}\" data-widget_type=\"heading.default\">\n\t\t\t\t<div class=\"elementor-widget-container\">\n\t\t\t\t\t<h2 class=\"elementor-heading-title elementor-size-default\">Rappel de la r\u00e9glementation applicable<\/h2>\t\t\t\t<\/div>\n\t\t\t\t<\/div>\n\t\t\t\t<div class=\"elementor-element elementor-element-61622bb elementor-widget__width-initial elementor-widget elementor-widget-text-editor\" data-id=\"61622bb\" data-element_type=\"widget\" data-e-type=\"widget\" data-widget_type=\"text-editor.default\">\n\t\t\t\t<div class=\"elementor-widget-container\">\n\t\t\t\t\t\t\t\t\t<div><div>L&rsquo;article L. 551-1 du code de justice administrative dispose que, avant la conclusion du contrat, le juge du r\u00e9f\u00e9r\u00e9 pr\u00e9contractuel peut \u00eatre saisi en cas de <strong>manquement aux obligations de publicit\u00e9 et de mise en concurrence<\/strong> lors de l&rsquo;attribution du march\u00e9 public.<\/div><div>\u00a0<\/div><div>Attention, ces manquements doivent \u00e9galement \u00eatre <strong>susceptibles d\u2019avoir l\u00e9s\u00e9 ou de risquer de l\u00e9ser<\/strong> le requ\u00e9rant.<\/div><div>\u00a0<\/div><div><strong>=&gt; Tous les moyens ne sont donc pas op\u00e9rants en mati\u00e8re de r\u00e9f\u00e9r\u00e9 pr\u00e9contractuel.<\/strong><\/div><div>\u00a0\u00a0<\/div><div>Le juge examine ainsi si l&rsquo;absence de manquement aurait permis \u00e0 l&rsquo;offre du candidat \u00e9vinc\u00e9 d\u2019\u00eatre <strong>mieux class\u00e9e<\/strong> que celle de l\u2019entreprise concurrente et de se voir attribuer le march\u00e9.<\/div><div>\u00a0<\/div><div>La proc\u00e9dure ne sera annul\u00e9e que dans l&rsquo;affirmative.<\/div><\/div>\t\t\t\t\t\t\t\t<\/div>\n\t\t\t\t<\/div>\n\t\t\t\t\t<\/div>\n\t\t<\/div>\n\t\t\t\t\t<\/div>\n\t\t<\/section>\n\t\t\t\t<section class=\"elementor-section elementor-top-section elementor-element elementor-element-917a24c elementor-section-boxed elementor-section-height-default elementor-section-height-default\" data-id=\"917a24c\" data-element_type=\"section\" data-e-type=\"section\" data-settings=\"{&quot;background_background&quot;:&quot;classic&quot;}\">\n\t\t\t\t\t\t<div class=\"elementor-container elementor-column-gap-default\">\n\t\t\t\t\t<div class=\"elementor-column elementor-col-100 elementor-top-column elementor-element elementor-element-74d53c3\" data-id=\"74d53c3\" data-element_type=\"column\" data-e-type=\"column\">\n\t\t\t<div class=\"elementor-widget-wrap elementor-element-populated\">\n\t\t\t\t\t\t<div class=\"elementor-element elementor-element-d95ad33 elementor-view-default elementor-widget elementor-widget-icon\" data-id=\"d95ad33\" data-element_type=\"widget\" data-e-type=\"widget\" data-widget_type=\"icon.default\">\n\t\t\t\t<div class=\"elementor-widget-container\">\n\t\t\t\t\t\t\t<div class=\"elementor-icon-wrapper\">\n\t\t\t<div class=\"elementor-icon\">\n\t\t\t<svg xmlns=\"http:\/\/www.w3.org\/2000\/svg\" xmlns:xlink=\"http:\/\/www.w3.org\/1999\/xlink\" width=\"43px\" height=\"93px\" viewBox=\"0 0 43 93\"><title>Combined Shape<\/title><desc>Created with Sketch.<\/desc><defs><linearGradient x1=\"53.7525337%\" y1=\"0%\" x2=\"50%\" y2=\"100%\" id=\"linearGradient-1\"><stop stop-color=\"#B7B7B7\" offset=\"0%\"><\/stop><stop stop-color=\"#FFFFFF\" offset=\"100%\"><\/stop><\/linearGradient><\/defs><g id=\"Website-Chosen-Pages\" stroke=\"none\" stroke-width=\"1\" fill=\"none\" fill-rule=\"evenodd\"><g id=\"Home-Page-\" transform=\"translate(-929.000000, -2726.000000)\" stroke=\"url(#linearGradient-1)\" stroke-width=\"2\"><g transform=\"translate(561.000000, 2726.000000)\"><path d=\"M389.5,0 L389.5,93 M369.5,57.3081081 L369.5,93 M399.5,31.6702703 L399.5,93 M409.5,57.3081081 L409.5,93 M379.5,21.6162162 L379.5,93\" id=\"Combined-Shape\"><\/path><\/g><\/g><\/g><\/svg>\t\t\t<\/div>\n\t\t<\/div>\n\t\t\t\t\t\t<\/div>\n\t\t\t\t<\/div>\n\t\t\t\t<div class=\"elementor-element elementor-element-46c5086 elementor-widget elementor-widget-heading\" data-id=\"46c5086\" data-element_type=\"widget\" data-e-type=\"widget\" data-settings=\"{&quot;motion_fx_motion_fx_scrolling&quot;:&quot;yes&quot;,&quot;motion_fx_devices&quot;:[&quot;desktop&quot;,&quot;tablet&quot;,&quot;mobile&quot;]}\" data-widget_type=\"heading.default\">\n\t\t\t\t<div class=\"elementor-widget-container\">\n\t\t\t\t\t<h2 class=\"elementor-heading-title elementor-size-default\">Trois cat\u00e9gories de manquements susceptibles de l\u00e9ser un candidat<\/h2>\t\t\t\t<\/div>\n\t\t\t\t<\/div>\n\t\t\t\t<div class=\"elementor-element elementor-element-ac3edf2 elementor-widget__width-initial elementor-widget elementor-widget-text-editor\" data-id=\"ac3edf2\" data-element_type=\"widget\" data-e-type=\"widget\" data-widget_type=\"text-editor.default\">\n\t\t\t\t<div class=\"elementor-widget-container\">\n\t\t\t\t\t\t\t\t\t<div><div><div><b><u>Ceux qui ont r\u00e9duit les chances du requ\u00e9rant de r\u00e9pondre de fa\u00e7on adapt\u00e9e aux attentes de l\u2019administration et notamment :<\/u><\/b><\/div><div>\u00a0<\/div><div>&#8211; l\u2019insuffisance d\u2019information sur les quantit\u00e9s ou la nature du besoin (<span style=\"color: #ffffff;\"><a style=\"color: #ffffff;\" href=\"https:\/\/www.legifrance.gouv.fr\/ceta\/id\/CETATEXT000024115580\">CE, 1er \u00a0juin 2011, Cne de Saint-Beno\u00eet, n\u00b0 345649<\/a><\/span>) ;<\/div><div>\u00a0<\/div><div>&#8211; l\u2019application de crit\u00e8res ou sous-crit\u00e8res de s\u00e9lection non ou insuffisamment port\u00e9s \u00e0 la connaissance des candidats (<span style=\"color: #ffffff;\"><a style=\"color: #ffffff;\" href=\"https:\/\/www.legifrance.gouv.fr\/ceta\/id\/CETATEXT000027069259\">CE, 15 f\u00e9vr. 2013, n\u00b0 363921, st\u00e9 Derichebourg Polyurbaine<\/a><\/span>).<\/div><\/div><\/div><div>\u00a0<\/div><div>\u00a0<\/div><div>\u00a0<\/div><div><div><div><b><u>Ceux qui ont conduit \u00e0 \u00e9carter ind\u00fbment sa candidature ou son offre :<\/u><\/b><\/div><div>\u00a0<\/div><div>&#8211; l\u2019erreur manifeste d\u2019appr\u00e9ciation des capacit\u00e9s de l\u2019entreprise requ\u00e9rante (<span style=\"color: #ffffff;\"><a style=\"color: #ffffff;\" href=\"https:\/\/www.legifrance.gouv.fr\/ceta\/id\/CETATEXT000029467905\/\">CE, 17 septembre 2014, st\u00e9 Delta Process, n\u00b0 378722<\/a><\/span>) ;<\/div><div>\u00a0<\/div><div>&#8211; la mauvaise application des crit\u00e8res de s\u00e9lection annonc\u00e9s (<span style=\"color: #ffffff;\"><a style=\"color: #ffffff;\" href=\"https:\/\/www.legifrance.gouv.fr\/ceta\/id\/CETATEXT000026793241\/\">CE, 18 d\u00e9c. 2012, dpt Guadeloupe, n\u00b0 362532<\/a><\/span>) ;<\/div><div>\u00a0<\/div><div>&#8211; les erreurs mat\u00e9rielles dans la notation ou le classement des offres (<span style=\"color: #ffffff;\"><a style=\"color: #ffffff;\" href=\"https:\/\/www.legifrance.gouv.fr\/ceta\/id\/CETATEXT000024911128\">CE, 30 novembre 2011, St\u00e9 DPM Protection, n\u00b0 350788-350792<\/a><\/span>).<\/div><\/div><\/div><div>\u00a0<\/div><div>\u00a0<\/div><div>\u00a0<\/div><div><div><div><b><u>Ceux qui ont contribu\u00e9 \u00e0 retenir ind\u00fbment l\u2019attributaire :<\/u><\/b><\/div><div>\u00a0<\/div><div>&#8211; attributaire ne pr\u00e9sentant pas de capacit\u00e9s financi\u00e8res, techniques ou professionnelles suffisantes (<span style=\"color: #ffffff;\"><a style=\"color: #ffffff;\" href=\"https:\/\/www.legifrance.gouv.fr\/ceta\/id\/CETATEXT000022513074\">CE 19 juillet 2010, R\u00e9gion R\u00e9union, n\u00b0 337071<\/a><\/span>) ;<\/div><div>\u00a0<\/div><div>&#8211; dont l\u2019offre ne respectait pas les exigences du dossier de consultation (<span style=\"color: #ffffff;\"><a style=\"color: #ffffff;\" href=\"https:\/\/www.legifrance.gouv.fr\/ceta\/id\/CETATEXT000024081916\/\">CE 23 mai 2011, Cne d\u2019Ajaccio, n\u00b0 339406<\/a><\/span>).<\/div><div>\u00a0<\/div><\/div><\/div>\t\t\t\t\t\t\t\t<\/div>\n\t\t\t\t<\/div>\n\t\t\t\t\t<\/div>\n\t\t<\/div>\n\t\t\t\t\t<\/div>\n\t\t<\/section>\n\t\t\t\t<section class=\"elementor-section elementor-top-section elementor-element elementor-element-ac03ac6 elementor-section-boxed elementor-section-height-default elementor-section-height-default\" data-id=\"ac03ac6\" data-element_type=\"section\" data-e-type=\"section\" data-settings=\"{&quot;background_background&quot;:&quot;classic&quot;}\">\n\t\t\t\t\t\t<div class=\"elementor-container elementor-column-gap-default\">\n\t\t\t\t\t<div class=\"elementor-column elementor-col-100 elementor-top-column elementor-element elementor-element-edcdf44\" data-id=\"edcdf44\" data-element_type=\"column\" data-e-type=\"column\">\n\t\t\t<div class=\"elementor-widget-wrap elementor-element-populated\">\n\t\t\t\t\t\t<div class=\"elementor-element elementor-element-fb43807 elementor-view-default elementor-widget elementor-widget-icon\" data-id=\"fb43807\" data-element_type=\"widget\" data-e-type=\"widget\" data-widget_type=\"icon.default\">\n\t\t\t\t<div class=\"elementor-widget-container\">\n\t\t\t\t\t\t\t<div class=\"elementor-icon-wrapper\">\n\t\t\t<div class=\"elementor-icon\">\n\t\t\t<svg xmlns=\"http:\/\/www.w3.org\/2000\/svg\" xmlns:xlink=\"http:\/\/www.w3.org\/1999\/xlink\" width=\"43px\" height=\"93px\" viewBox=\"0 0 43 93\"><title>Combined Shape<\/title><desc>Created with Sketch.<\/desc><defs><linearGradient x1=\"53.7525337%\" y1=\"0%\" x2=\"50%\" y2=\"100%\" id=\"linearGradient-1\"><stop stop-color=\"#B7B7B7\" offset=\"0%\"><\/stop><stop stop-color=\"#FFFFFF\" offset=\"100%\"><\/stop><\/linearGradient><\/defs><g id=\"Website-Chosen-Pages\" stroke=\"none\" stroke-width=\"1\" fill=\"none\" fill-rule=\"evenodd\"><g id=\"Home-Page-\" transform=\"translate(-929.000000, -2726.000000)\" stroke=\"url(#linearGradient-1)\" stroke-width=\"2\"><g transform=\"translate(561.000000, 2726.000000)\"><path d=\"M389.5,0 L389.5,93 M369.5,57.3081081 L369.5,93 M399.5,31.6702703 L399.5,93 M409.5,57.3081081 L409.5,93 M379.5,21.6162162 L379.5,93\" id=\"Combined-Shape\"><\/path><\/g><\/g><\/g><\/svg>\t\t\t<\/div>\n\t\t<\/div>\n\t\t\t\t\t\t<\/div>\n\t\t\t\t<\/div>\n\t\t\t\t<div class=\"elementor-element elementor-element-ee89a4c elementor-widget elementor-widget-heading\" data-id=\"ee89a4c\" data-element_type=\"widget\" data-e-type=\"widget\" data-settings=\"{&quot;motion_fx_motion_fx_scrolling&quot;:&quot;yes&quot;,&quot;motion_fx_devices&quot;:[&quot;desktop&quot;,&quot;tablet&quot;,&quot;mobile&quot;]}\" data-widget_type=\"heading.default\">\n\t\t\t\t<div class=\"elementor-widget-container\">\n\t\t\t\t\t<h2 class=\"elementor-heading-title elementor-size-default\">Les Priorit\u00e9s<\/h2>\t\t\t\t<\/div>\n\t\t\t\t<\/div>\n\t\t\t\t<div class=\"elementor-element elementor-element-7a740b8 elementor-widget__width-initial elementor-widget elementor-widget-text-editor\" data-id=\"7a740b8\" data-element_type=\"widget\" data-e-type=\"widget\" data-widget_type=\"text-editor.default\">\n\t\t\t\t<div class=\"elementor-widget-container\">\n\t\t\t\t\t\t\t\t\t<p>L&rsquo;examen de l&rsquo;opportunit\u00e9 d&rsquo;un r\u00e9f\u00e9r\u00e9 pr\u00e9contractuel repose sur l&rsquo;\u00e9tude des documents relatifs \u00e0 la passation du march\u00e9.<\/p><p>Il repose plus particuli\u00e8rement sur l&rsquo;\u00e9tude du <strong>rapport d\u2019analyse des offres<\/strong>, \u00e9l\u00e9ments de notation et de classement qui constitue la pi\u00e8ce maitresse de l&rsquo;attribution d&rsquo;un march\u00e9 public.<\/p><p>Il convient par cons\u00e9quent d&rsquo;en demander imm\u00e9diatement la communication au pouvoir adjudicateur (<span style=\"color: #ffffff;\"><a style=\"color: #ffffff;\" href=\"https:\/\/www.cada.fr\/20161512\">CADA, 26 mai 2016, n\u00b0 20161512<\/a><\/span>).<\/p><p>Enfin, il convient de porter une attention particuli\u00e8re au d\u00e9lai de suspension de la signature du march\u00e9, commun\u00e9ment appel\u00e9 <strong>d\u00e9lai de stand still<\/strong>, qui suspend la signature du contrat pendant un minimum de 11 jours (<span style=\"color: #ffffff;\"><a style=\"color: #ffffff;\" href=\"https:\/\/www.legifrance.gouv.fr\/codes\/article_lc\/LEGIARTI000037729989\">Article R. 2182-1 du code de la commande publique<\/a><\/span>).<\/p>\t\t\t\t\t\t\t\t<\/div>\n\t\t\t\t<\/div>\n\t\t\t\t\t<\/div>\n\t\t<\/div>\n\t\t\t\t\t<\/div>\n\t\t<\/section>\n\t\t\t\t<section class=\"elementor-section elementor-top-section elementor-element elementor-element-a72744a elementor-section-boxed elementor-section-height-default elementor-section-height-default\" data-id=\"a72744a\" data-element_type=\"section\" data-e-type=\"section\">\n\t\t\t\t\t\t<div class=\"elementor-container elementor-column-gap-default\">\n\t\t\t\t\t<div class=\"elementor-column elementor-col-100 elementor-top-column elementor-element elementor-element-c915c5f\" data-id=\"c915c5f\" data-element_type=\"column\" data-e-type=\"column\">\n\t\t\t<div class=\"elementor-widget-wrap elementor-element-populated\">\n\t\t\t\t\t\t<div class=\"elementor-element elementor-element-a676e02 elementor-view-default elementor-widget elementor-widget-icon\" data-id=\"a676e02\" data-element_type=\"widget\" data-e-type=\"widget\" data-widget_type=\"icon.default\">\n\t\t\t\t<div class=\"elementor-widget-container\">\n\t\t\t\t\t\t\t<div class=\"elementor-icon-wrapper\">\n\t\t\t<div class=\"elementor-icon\">\n\t\t\t<svg xmlns=\"http:\/\/www.w3.org\/2000\/svg\" xmlns:xlink=\"http:\/\/www.w3.org\/1999\/xlink\" width=\"43px\" height=\"93px\" viewBox=\"0 0 43 93\"><title>Combined Shape<\/title><desc>Created with Sketch.<\/desc><defs><linearGradient x1=\"53.7525337%\" y1=\"0%\" x2=\"50%\" y2=\"100%\" id=\"linearGradient-1\"><stop stop-color=\"#B7B7B7\" offset=\"0%\"><\/stop><stop stop-color=\"#FFFFFF\" offset=\"100%\"><\/stop><\/linearGradient><\/defs><g id=\"Website-Chosen-Pages\" stroke=\"none\" stroke-width=\"1\" fill=\"none\" fill-rule=\"evenodd\"><g id=\"Home-Page-\" transform=\"translate(-929.000000, -2726.000000)\" stroke=\"url(#linearGradient-1)\" stroke-width=\"2\"><g transform=\"translate(561.000000, 2726.000000)\"><path d=\"M389.5,0 L389.5,93 M369.5,57.3081081 L369.5,93 M399.5,31.6702703 L399.5,93 M409.5,57.3081081 L409.5,93 M379.5,21.6162162 L379.5,93\" id=\"Combined-Shape\"><\/path><\/g><\/g><\/g><\/svg>\t\t\t<\/div>\n\t\t<\/div>\n\t\t\t\t\t\t<\/div>\n\t\t\t\t<\/div>\n\t\t\t\t<div class=\"elementor-element elementor-element-7103c17 elementor-widget elementor-widget-heading\" data-id=\"7103c17\" data-element_type=\"widget\" data-e-type=\"widget\" data-widget_type=\"heading.default\">\n\t\t\t\t<div class=\"elementor-widget-container\">\n\t\t\t\t\t<h2 class=\"elementor-heading-title elementor-size-default\">Les Services propos\u00e9s par le cabinet Ignis avocat<\/h2>\t\t\t\t<\/div>\n\t\t\t\t<\/div>\n\t\t\t\t<section class=\"elementor-section elementor-inner-section elementor-element elementor-element-dfe77d8 elementor-section-full_width elementor-section-height-default elementor-section-height-default\" data-id=\"dfe77d8\" data-element_type=\"section\" data-e-type=\"section\">\n\t\t\t\t\t\t<div class=\"elementor-container elementor-column-gap-default\">\n\t\t\t\t\t<div class=\"elementor-column elementor-col-50 elementor-inner-column elementor-element elementor-element-287b7c2\" data-id=\"287b7c2\" data-element_type=\"column\" data-e-type=\"column\">\n\t\t\t<div class=\"elementor-widget-wrap elementor-element-populated\">\n\t\t\t\t\t\t<div class=\"elementor-element elementor-element-df692ab elementor-view-default elementor-position-block-start elementor-mobile-position-block-start elementor-widget elementor-widget-icon-box\" data-id=\"df692ab\" data-element_type=\"widget\" data-e-type=\"widget\" data-widget_type=\"icon-box.default\">\n\t\t\t\t<div class=\"elementor-widget-container\">\n\t\t\t\t\t\t\t<div class=\"elementor-icon-box-wrapper\">\n\n\t\t\t\t\t\t<div class=\"elementor-icon-box-icon\">\n\t\t\t\t<span  class=\"elementor-icon\">\n\t\t\t\t<i aria-hidden=\"true\" class=\"fas fa-book\"><\/i>\t\t\t\t<\/span>\n\t\t\t<\/div>\n\t\t\t\n\t\t\t\t\t\t<div class=\"elementor-icon-box-content\">\n\n\t\t\t\t\t\t\t\t\t<h3 class=\"elementor-icon-box-title\">\n\t\t\t\t\t\t<span  >\n\t\t\t\t\t\t\tCONSULTATION SUR L'OPPORTUNITE D'UN REFERE\t\t\t\t\t\t<\/span>\n\t\t\t\t\t<\/h3>\n\t\t\t\t\n\t\t\t\t\t\t\t\t\t<p class=\"elementor-icon-box-description\">\n\t\t\t\t\t\tLe cabinet Ignis avocat vous explique en d\u00e9tail la proc\u00e9dure d'appel offres et effectue un examen complet sur l'opportunit\u00e9 et les chances de succ\u00e8s d'un r\u00e9f\u00e9r\u00e9 pr\u00e9contractuel. \t\t\t\t\t<\/p>\n\t\t\t\t\n\t\t\t<\/div>\n\t\t\t\n\t\t<\/div>\n\t\t\t\t\t\t<\/div>\n\t\t\t\t<\/div>\n\t\t\t\t\t<\/div>\n\t\t<\/div>\n\t\t\t\t<div class=\"elementor-column elementor-col-50 elementor-inner-column elementor-element elementor-element-88de5ab\" data-id=\"88de5ab\" data-element_type=\"column\" data-e-type=\"column\">\n\t\t\t<div class=\"elementor-widget-wrap elementor-element-populated\">\n\t\t\t\t\t\t<div class=\"elementor-element elementor-element-326001a elementor-widget__width-initial elementor-view-default elementor-position-block-start elementor-mobile-position-block-start elementor-widget elementor-widget-icon-box\" data-id=\"326001a\" data-element_type=\"widget\" data-e-type=\"widget\" data-widget_type=\"icon-box.default\">\n\t\t\t\t<div class=\"elementor-widget-container\">\n\t\t\t\t\t\t\t<div class=\"elementor-icon-box-wrapper\">\n\n\t\t\t\t\t\t<div class=\"elementor-icon-box-icon\">\n\t\t\t\t<span  class=\"elementor-icon\">\n\t\t\t\t<i aria-hidden=\"true\" class=\"fas fa-university\"><\/i>\t\t\t\t<\/span>\n\t\t\t<\/div>\n\t\t\t\n\t\t\t\t\t\t<div class=\"elementor-icon-box-content\">\n\n\t\t\t\t\t\t\t\t\t<h3 class=\"elementor-icon-box-title\">\n\t\t\t\t\t\t<span  >\n\t\t\t\t\t\t\tREFERE PRECONTRACTUEL DEVANT LE JUGE ADMINISTRATIF\t\t\t\t\t\t<\/span>\n\t\t\t\t\t<\/h3>\n\t\t\t\t\n\t\t\t\t\t\t\t\t\t<p class=\"elementor-icon-box-description\">\n\t\t\t\t\t\tAvant la signature du contrat, le cabinet Ignis avocat initie en urgence un r\u00e9f\u00e9r\u00e9 pr\u00e9contractuel pour obtenir l'annulation de la passation du march\u00e9.\t\t\t\t\t<\/p>\n\t\t\t\t\n\t\t\t<\/div>\n\t\t\t\n\t\t<\/div>\n\t\t\t\t\t\t<\/div>\n\t\t\t\t<\/div>\n\t\t\t\t\t<\/div>\n\t\t<\/div>\n\t\t\t\t\t<\/div>\n\t\t<\/section>\n\t\t\t\t\t<\/div>\n\t\t<\/div>\n\t\t\t\t\t<\/div>\n\t\t<\/section>\n\t\t\t\t<section class=\"elementor-section elementor-top-section elementor-element elementor-element-7efe215 elementor-section-boxed elementor-section-height-default elementor-section-height-default\" data-id=\"7efe215\" data-element_type=\"section\" data-e-type=\"section\">\n\t\t\t\t\t\t<div class=\"elementor-container elementor-column-gap-default\">\n\t\t\t\t\t<div class=\"elementor-column elementor-col-100 elementor-top-column elementor-element elementor-element-eb334ed\" data-id=\"eb334ed\" data-element_type=\"column\" data-e-type=\"column\">\n\t\t\t<div class=\"elementor-widget-wrap elementor-element-populated\">\n\t\t\t\t\t\t<section class=\"elementor-section elementor-inner-section elementor-element elementor-element-031c6f2 elementor-section-content-middle elementor-section-boxed elementor-section-height-default elementor-section-height-default\" data-id=\"031c6f2\" data-element_type=\"section\" data-e-type=\"section\">\n\t\t\t\t\t\t<div class=\"elementor-container elementor-column-gap-default\">\n\t\t\t\t\t<div class=\"elementor-column elementor-col-100 elementor-inner-column elementor-element elementor-element-bf1e239\" data-id=\"bf1e239\" data-element_type=\"column\" data-e-type=\"column\">\n\t\t\t<div class=\"elementor-widget-wrap elementor-element-populated\">\n\t\t\t\t\t\t<div class=\"elementor-element elementor-element-2755af3 elementor-align-center elementor-widget elementor-widget-button\" data-id=\"2755af3\" data-element_type=\"widget\" data-e-type=\"widget\" data-widget_type=\"button.default\">\n\t\t\t\t<div class=\"elementor-widget-container\">\n\t\t\t\t\t\t\t\t\t<div class=\"elementor-button-wrapper\">\n\t\t\t\t\t<a class=\"elementor-button elementor-button-link elementor-size-sm\" href=\"https:\/\/ignis-avocat.com\/index.php\/contact\/\">\n\t\t\t\t\t\t<span class=\"elementor-button-content-wrapper\">\n\t\t\t\t\t\t\t\t\t<span class=\"elementor-button-text\">PRENDRE RENDEZ-VOUS<\/span>\n\t\t\t\t\t<\/span>\n\t\t\t\t\t<\/a>\n\t\t\t\t<\/div>\n\t\t\t\t\t\t\t\t<\/div>\n\t\t\t\t<\/div>\n\t\t\t\t\t<\/div>\n\t\t<\/div>\n\t\t\t\t\t<\/div>\n\t\t<\/section>\n\t\t\t\t\t<\/div>\n\t\t<\/div>\n\t\t\t\t\t<\/div>\n\t\t<\/section>\n\t\t\t\t<\/div>\n\t\t","protected":false},"excerpt":{"rendered":"<p>Combined ShapeCreated with Sketch. Sur l\u2019Opportunit\u00e9 d\u2019un R\u00e9f\u00e9r\u00e9 Pr\u00e9contractuel Vous avez r\u00e9cemment candidat\u00e9 \u00e0 un appel d&rsquo;offres pour obtenir un march\u00e9 public ayant pour objet l&rsquo;ex\u00e9cution de travaux, la livraison de fournitures ou la prestation de services et votre offre n&rsquo;a pas \u00e9t\u00e9 retenue? Vous envisagez un recours devant le tribunal administratif? Les informations d\u00e9taill\u00e9es [&hellip;]<\/p>\n","protected":false},"author":1,"featured_media":4147,"comment_status":"open","ping_status":"open","sticky":false,"template":"","format":"standard","meta":{"_monsterinsights_skip_tracking":false,"_monsterinsights_sitenote_active":false,"_monsterinsights_sitenote_note":"","_monsterinsights_sitenote_category":0,"footnotes":""},"categories":[7,18],"tags":[],"class_list":["post-4145","post","type-post","status-publish","format-standard","has-post-thumbnail","hentry","category-actualites","category-marches-publics"],"yoast_head":"<!-- This site is optimized with the Yoast SEO plugin v27.4 - https:\/\/yoast.com\/product\/yoast-seo-wordpress\/ -->\n<title>Ignis avocat - Sur l\u2019opportunit\u00e9 d\u2019un r\u00e9f\u00e9r\u00e9 pr\u00e9contractuel\u200b<\/title>\n<meta name=\"description\" content=\"Rappel des modalit\u00e9s pour effectuer un r\u00e9f\u00e9r\u00e9 pr\u00e9contractuel en cas de manquement aux obligations de publicit\u00e9 et de mise en concurrence\" \/>\n<meta name=\"robots\" content=\"index, follow, max-snippet:-1, max-image-preview:large, max-video-preview:-1\" \/>\n<link rel=\"canonical\" href=\"https:\/\/ignis-avocat.com\/index.php\/2025\/02\/18\/refere-precontractuel-manquement-publicite-concurrence\/\" \/>\n<meta property=\"og:locale\" content=\"fr_FR\" \/>\n<meta property=\"og:type\" content=\"article\" \/>\n<meta property=\"og:title\" content=\"Ignis avocat - Sur l\u2019opportunit\u00e9 d\u2019un r\u00e9f\u00e9r\u00e9 pr\u00e9contractuel\u200b\" \/>\n<meta property=\"og:description\" content=\"Rappel des modalit\u00e9s pour effectuer un r\u00e9f\u00e9r\u00e9 pr\u00e9contractuel en cas de manquement aux obligations de publicit\u00e9 et de mise en concurrence\" \/>\n<meta property=\"og:url\" content=\"https:\/\/ignis-avocat.com\/index.php\/2025\/02\/18\/refere-precontractuel-manquement-publicite-concurrence\/\" \/>\n<meta property=\"og:site_name\" content=\"Ignis avocat\" \/>\n<meta property=\"article:published_time\" content=\"2025-02-18T16:28:07+00:00\" \/>\n<meta property=\"article:modified_time\" content=\"2025-11-12T15:05:06+00:00\" \/>\n<meta property=\"og:image\" content=\"https:\/\/ignis-avocat.com\/wp-content\/uploads\/2025\/02\/pexels-ds-stories-7267588-scaled.webp\" \/>\n\t<meta property=\"og:image:width\" content=\"1920\" \/>\n\t<meta property=\"og:image:height\" content=\"1280\" \/>\n\t<meta property=\"og:image:type\" content=\"image\/jpeg\" \/>\n<meta name=\"author\" content=\"Simon Bechelen\" \/>\n<meta name=\"twitter:card\" content=\"summary_large_image\" \/>\n<meta name=\"twitter:label1\" content=\"\u00c9crit par\" \/>\n\t<meta name=\"twitter:data1\" content=\"Simon Bechelen\" \/>\n\t<meta name=\"twitter:label2\" content=\"Dur\u00e9e de lecture estim\u00e9e\" \/>\n\t<meta name=\"twitter:data2\" content=\"4 minutes\" \/>\n<script type=\"application\/ld+json\" class=\"yoast-schema-graph\">{\"@context\":\"https:\\\/\\\/schema.org\",\"@graph\":[{\"@type\":\"Article\",\"@id\":\"https:\\\/\\\/ignis-avocat.com\\\/index.php\\\/2025\\\/02\\\/18\\\/refere-precontractuel-manquement-publicite-concurrence\\\/#article\",\"isPartOf\":{\"@id\":\"https:\\\/\\\/ignis-avocat.com\\\/index.php\\\/2025\\\/02\\\/18\\\/refere-precontractuel-manquement-publicite-concurrence\\\/\"},\"author\":{\"name\":\"Simon Bechelen\",\"@id\":\"https:\\\/\\\/ignis-avocat.com\\\/#\\\/schema\\\/person\\\/23a8052bacfd65492919cb16ac621a52\"},\"headline\":\"Sur l\u2019opportunit\u00e9 d\u2019un r\u00e9f\u00e9r\u00e9 pr\u00e9contractuel\u200b\",\"datePublished\":\"2025-02-18T16:28:07+00:00\",\"dateModified\":\"2025-11-12T15:05:06+00:00\",\"mainEntityOfPage\":{\"@id\":\"https:\\\/\\\/ignis-avocat.com\\\/index.php\\\/2025\\\/02\\\/18\\\/refere-precontractuel-manquement-publicite-concurrence\\\/\"},\"wordCount\":666,\"commentCount\":0,\"publisher\":{\"@id\":\"https:\\\/\\\/ignis-avocat.com\\\/#organization\"},\"image\":{\"@id\":\"https:\\\/\\\/ignis-avocat.com\\\/index.php\\\/2025\\\/02\\\/18\\\/refere-precontractuel-manquement-publicite-concurrence\\\/#primaryimage\"},\"thumbnailUrl\":\"https:\\\/\\\/ignis-avocat.com\\\/wp-content\\\/uploads\\\/2025\\\/02\\\/pexels-ds-stories-7267588-scaled.webp\",\"articleSection\":[\"Actualit\u00e9s\",\"March\u00e9s publics\"],\"inLanguage\":\"fr-FR\",\"potentialAction\":[{\"@type\":\"CommentAction\",\"name\":\"Comment\",\"target\":[\"https:\\\/\\\/ignis-avocat.com\\\/index.php\\\/2025\\\/02\\\/18\\\/refere-precontractuel-manquement-publicite-concurrence\\\/#respond\"]}]},{\"@type\":\"WebPage\",\"@id\":\"https:\\\/\\\/ignis-avocat.com\\\/index.php\\\/2025\\\/02\\\/18\\\/refere-precontractuel-manquement-publicite-concurrence\\\/\",\"url\":\"https:\\\/\\\/ignis-avocat.com\\\/index.php\\\/2025\\\/02\\\/18\\\/refere-precontractuel-manquement-publicite-concurrence\\\/\",\"name\":\"Ignis avocat - Sur l\u2019opportunit\u00e9 d\u2019un r\u00e9f\u00e9r\u00e9 pr\u00e9contractuel\u200b\",\"isPartOf\":{\"@id\":\"https:\\\/\\\/ignis-avocat.com\\\/#website\"},\"primaryImageOfPage\":{\"@id\":\"https:\\\/\\\/ignis-avocat.com\\\/index.php\\\/2025\\\/02\\\/18\\\/refere-precontractuel-manquement-publicite-concurrence\\\/#primaryimage\"},\"image\":{\"@id\":\"https:\\\/\\\/ignis-avocat.com\\\/index.php\\\/2025\\\/02\\\/18\\\/refere-precontractuel-manquement-publicite-concurrence\\\/#primaryimage\"},\"thumbnailUrl\":\"https:\\\/\\\/ignis-avocat.com\\\/wp-content\\\/uploads\\\/2025\\\/02\\\/pexels-ds-stories-7267588-scaled.webp\",\"datePublished\":\"2025-02-18T16:28:07+00:00\",\"dateModified\":\"2025-11-12T15:05:06+00:00\",\"description\":\"Rappel des modalit\u00e9s pour effectuer un r\u00e9f\u00e9r\u00e9 pr\u00e9contractuel en cas de manquement aux obligations de publicit\u00e9 et de mise en concurrence\",\"breadcrumb\":{\"@id\":\"https:\\\/\\\/ignis-avocat.com\\\/index.php\\\/2025\\\/02\\\/18\\\/refere-precontractuel-manquement-publicite-concurrence\\\/#breadcrumb\"},\"inLanguage\":\"fr-FR\",\"potentialAction\":[{\"@type\":\"ReadAction\",\"target\":[\"https:\\\/\\\/ignis-avocat.com\\\/index.php\\\/2025\\\/02\\\/18\\\/refere-precontractuel-manquement-publicite-concurrence\\\/\"]}]},{\"@type\":\"ImageObject\",\"inLanguage\":\"fr-FR\",\"@id\":\"https:\\\/\\\/ignis-avocat.com\\\/index.php\\\/2025\\\/02\\\/18\\\/refere-precontractuel-manquement-publicite-concurrence\\\/#primaryimage\",\"url\":\"https:\\\/\\\/ignis-avocat.com\\\/wp-content\\\/uploads\\\/2025\\\/02\\\/pexels-ds-stories-7267588-scaled.webp\",\"contentUrl\":\"https:\\\/\\\/ignis-avocat.com\\\/wp-content\\\/uploads\\\/2025\\\/02\\\/pexels-ds-stories-7267588-scaled.webp\",\"width\":1920,\"height\":1280},{\"@type\":\"BreadcrumbList\",\"@id\":\"https:\\\/\\\/ignis-avocat.com\\\/index.php\\\/2025\\\/02\\\/18\\\/refere-precontractuel-manquement-publicite-concurrence\\\/#breadcrumb\",\"itemListElement\":[{\"@type\":\"ListItem\",\"position\":1,\"name\":\"Accueil\",\"item\":\"https:\\\/\\\/ignis-avocat.com\\\/\"},{\"@type\":\"ListItem\",\"position\":2,\"name\":\"Sur l\u2019opportunit\u00e9 d\u2019un r\u00e9f\u00e9r\u00e9 pr\u00e9contractuel\u200b\"}]},{\"@type\":\"WebSite\",\"@id\":\"https:\\\/\\\/ignis-avocat.com\\\/#website\",\"url\":\"https:\\\/\\\/ignis-avocat.com\\\/\",\"name\":\"Ignis avocat\",\"description\":\"\",\"publisher\":{\"@id\":\"https:\\\/\\\/ignis-avocat.com\\\/#organization\"},\"potentialAction\":[{\"@type\":\"SearchAction\",\"target\":{\"@type\":\"EntryPoint\",\"urlTemplate\":\"https:\\\/\\\/ignis-avocat.com\\\/?s={search_term_string}\"},\"query-input\":{\"@type\":\"PropertyValueSpecification\",\"valueRequired\":true,\"valueName\":\"search_term_string\"}}],\"inLanguage\":\"fr-FR\"},{\"@type\":\"Organization\",\"@id\":\"https:\\\/\\\/ignis-avocat.com\\\/#organization\",\"name\":\"Ignis avocat\",\"url\":\"https:\\\/\\\/ignis-avocat.com\\\/\",\"logo\":{\"@type\":\"ImageObject\",\"inLanguage\":\"fr-FR\",\"@id\":\"https:\\\/\\\/ignis-avocat.com\\\/#\\\/schema\\\/logo\\\/image\\\/\",\"url\":\"https:\\\/\\\/ignis-avocat.com\\\/wp-content\\\/uploads\\\/2023\\\/11\\\/cropped-IGNIS-8.png\",\"contentUrl\":\"https:\\\/\\\/ignis-avocat.com\\\/wp-content\\\/uploads\\\/2023\\\/11\\\/cropped-IGNIS-8.png\",\"width\":512,\"height\":512,\"caption\":\"Ignis avocat\"},\"image\":{\"@id\":\"https:\\\/\\\/ignis-avocat.com\\\/#\\\/schema\\\/logo\\\/image\\\/\"},\"sameAs\":[\"https:\\\/\\\/www.linkedin.com\\\/in\\\/simon-bechelen-a2558016b\\\/\"]},{\"@type\":\"Person\",\"@id\":\"https:\\\/\\\/ignis-avocat.com\\\/#\\\/schema\\\/person\\\/23a8052bacfd65492919cb16ac621a52\",\"name\":\"Simon Bechelen\",\"image\":{\"@type\":\"ImageObject\",\"inLanguage\":\"fr-FR\",\"@id\":\"https:\\\/\\\/secure.gravatar.com\\\/avatar\\\/2be050aec229e60c80ff2568f734a7940f29c682cb1d844c6edf7770e18cb0e2?s=96&d=mm&r=g\",\"url\":\"https:\\\/\\\/secure.gravatar.com\\\/avatar\\\/2be050aec229e60c80ff2568f734a7940f29c682cb1d844c6edf7770e18cb0e2?s=96&d=mm&r=g\",\"contentUrl\":\"https:\\\/\\\/secure.gravatar.com\\\/avatar\\\/2be050aec229e60c80ff2568f734a7940f29c682cb1d844c6edf7770e18cb0e2?s=96&d=mm&r=g\",\"caption\":\"Simon Bechelen\"},\"sameAs\":[\"http:\\\/\\\/ignis-avocat.com\"],\"url\":\"https:\\\/\\\/ignis-avocat.com\\\/index.php\\\/author\\\/ignis-avocat-com\\\/\"}]}<\/script>\n<!-- \/ Yoast SEO plugin. -->","yoast_head_json":{"title":"Ignis avocat - Sur l\u2019opportunit\u00e9 d\u2019un r\u00e9f\u00e9r\u00e9 pr\u00e9contractuel\u200b","description":"Rappel des modalit\u00e9s pour effectuer un r\u00e9f\u00e9r\u00e9 pr\u00e9contractuel en cas de manquement aux obligations de publicit\u00e9 et de mise en concurrence","robots":{"index":"index","follow":"follow","max-snippet":"max-snippet:-1","max-image-preview":"max-image-preview:large","max-video-preview":"max-video-preview:-1"},"canonical":"https:\/\/ignis-avocat.com\/index.php\/2025\/02\/18\/refere-precontractuel-manquement-publicite-concurrence\/","og_locale":"fr_FR","og_type":"article","og_title":"Ignis avocat - Sur l\u2019opportunit\u00e9 d\u2019un r\u00e9f\u00e9r\u00e9 pr\u00e9contractuel\u200b","og_description":"Rappel des modalit\u00e9s pour effectuer un r\u00e9f\u00e9r\u00e9 pr\u00e9contractuel en cas de manquement aux obligations de publicit\u00e9 et de mise en concurrence","og_url":"https:\/\/ignis-avocat.com\/index.php\/2025\/02\/18\/refere-precontractuel-manquement-publicite-concurrence\/","og_site_name":"Ignis avocat","article_published_time":"2025-02-18T16:28:07+00:00","article_modified_time":"2025-11-12T15:05:06+00:00","og_image":[{"width":1920,"height":1280,"url":"https:\/\/ignis-avocat.com\/wp-content\/uploads\/2025\/02\/pexels-ds-stories-7267588-scaled.webp","type":"image\/jpeg"}],"author":"Simon Bechelen","twitter_card":"summary_large_image","twitter_misc":{"\u00c9crit par":"Simon Bechelen","Dur\u00e9e de lecture estim\u00e9e":"4 minutes"},"schema":{"@context":"https:\/\/schema.org","@graph":[{"@type":"Article","@id":"https:\/\/ignis-avocat.com\/index.php\/2025\/02\/18\/refere-precontractuel-manquement-publicite-concurrence\/#article","isPartOf":{"@id":"https:\/\/ignis-avocat.com\/index.php\/2025\/02\/18\/refere-precontractuel-manquement-publicite-concurrence\/"},"author":{"name":"Simon Bechelen","@id":"https:\/\/ignis-avocat.com\/#\/schema\/person\/23a8052bacfd65492919cb16ac621a52"},"headline":"Sur l\u2019opportunit\u00e9 d\u2019un r\u00e9f\u00e9r\u00e9 pr\u00e9contractuel\u200b","datePublished":"2025-02-18T16:28:07+00:00","dateModified":"2025-11-12T15:05:06+00:00","mainEntityOfPage":{"@id":"https:\/\/ignis-avocat.com\/index.php\/2025\/02\/18\/refere-precontractuel-manquement-publicite-concurrence\/"},"wordCount":666,"commentCount":0,"publisher":{"@id":"https:\/\/ignis-avocat.com\/#organization"},"image":{"@id":"https:\/\/ignis-avocat.com\/index.php\/2025\/02\/18\/refere-precontractuel-manquement-publicite-concurrence\/#primaryimage"},"thumbnailUrl":"https:\/\/ignis-avocat.com\/wp-content\/uploads\/2025\/02\/pexels-ds-stories-7267588-scaled.webp","articleSection":["Actualit\u00e9s","March\u00e9s publics"],"inLanguage":"fr-FR","potentialAction":[{"@type":"CommentAction","name":"Comment","target":["https:\/\/ignis-avocat.com\/index.php\/2025\/02\/18\/refere-precontractuel-manquement-publicite-concurrence\/#respond"]}]},{"@type":"WebPage","@id":"https:\/\/ignis-avocat.com\/index.php\/2025\/02\/18\/refere-precontractuel-manquement-publicite-concurrence\/","url":"https:\/\/ignis-avocat.com\/index.php\/2025\/02\/18\/refere-precontractuel-manquement-publicite-concurrence\/","name":"Ignis avocat - Sur l\u2019opportunit\u00e9 d\u2019un r\u00e9f\u00e9r\u00e9 pr\u00e9contractuel\u200b","isPartOf":{"@id":"https:\/\/ignis-avocat.com\/#website"},"primaryImageOfPage":{"@id":"https:\/\/ignis-avocat.com\/index.php\/2025\/02\/18\/refere-precontractuel-manquement-publicite-concurrence\/#primaryimage"},"image":{"@id":"https:\/\/ignis-avocat.com\/index.php\/2025\/02\/18\/refere-precontractuel-manquement-publicite-concurrence\/#primaryimage"},"thumbnailUrl":"https:\/\/ignis-avocat.com\/wp-content\/uploads\/2025\/02\/pexels-ds-stories-7267588-scaled.webp","datePublished":"2025-02-18T16:28:07+00:00","dateModified":"2025-11-12T15:05:06+00:00","description":"Rappel des modalit\u00e9s pour effectuer un r\u00e9f\u00e9r\u00e9 pr\u00e9contractuel en cas de manquement aux obligations de publicit\u00e9 et de mise en concurrence","breadcrumb":{"@id":"https:\/\/ignis-avocat.com\/index.php\/2025\/02\/18\/refere-precontractuel-manquement-publicite-concurrence\/#breadcrumb"},"inLanguage":"fr-FR","potentialAction":[{"@type":"ReadAction","target":["https:\/\/ignis-avocat.com\/index.php\/2025\/02\/18\/refere-precontractuel-manquement-publicite-concurrence\/"]}]},{"@type":"ImageObject","inLanguage":"fr-FR","@id":"https:\/\/ignis-avocat.com\/index.php\/2025\/02\/18\/refere-precontractuel-manquement-publicite-concurrence\/#primaryimage","url":"https:\/\/ignis-avocat.com\/wp-content\/uploads\/2025\/02\/pexels-ds-stories-7267588-scaled.webp","contentUrl":"https:\/\/ignis-avocat.com\/wp-content\/uploads\/2025\/02\/pexels-ds-stories-7267588-scaled.webp","width":1920,"height":1280},{"@type":"BreadcrumbList","@id":"https:\/\/ignis-avocat.com\/index.php\/2025\/02\/18\/refere-precontractuel-manquement-publicite-concurrence\/#breadcrumb","itemListElement":[{"@type":"ListItem","position":1,"name":"Accueil","item":"https:\/\/ignis-avocat.com\/"},{"@type":"ListItem","position":2,"name":"Sur l\u2019opportunit\u00e9 d\u2019un r\u00e9f\u00e9r\u00e9 pr\u00e9contractuel\u200b"}]},{"@type":"WebSite","@id":"https:\/\/ignis-avocat.com\/#website","url":"https:\/\/ignis-avocat.com\/","name":"Ignis avocat","description":"","publisher":{"@id":"https:\/\/ignis-avocat.com\/#organization"},"potentialAction":[{"@type":"SearchAction","target":{"@type":"EntryPoint","urlTemplate":"https:\/\/ignis-avocat.com\/?s={search_term_string}"},"query-input":{"@type":"PropertyValueSpecification","valueRequired":true,"valueName":"search_term_string"}}],"inLanguage":"fr-FR"},{"@type":"Organization","@id":"https:\/\/ignis-avocat.com\/#organization","name":"Ignis avocat","url":"https:\/\/ignis-avocat.com\/","logo":{"@type":"ImageObject","inLanguage":"fr-FR","@id":"https:\/\/ignis-avocat.com\/#\/schema\/logo\/image\/","url":"https:\/\/ignis-avocat.com\/wp-content\/uploads\/2023\/11\/cropped-IGNIS-8.png","contentUrl":"https:\/\/ignis-avocat.com\/wp-content\/uploads\/2023\/11\/cropped-IGNIS-8.png","width":512,"height":512,"caption":"Ignis avocat"},"image":{"@id":"https:\/\/ignis-avocat.com\/#\/schema\/logo\/image\/"},"sameAs":["https:\/\/www.linkedin.com\/in\/simon-bechelen-a2558016b\/"]},{"@type":"Person","@id":"https:\/\/ignis-avocat.com\/#\/schema\/person\/23a8052bacfd65492919cb16ac621a52","name":"Simon Bechelen","image":{"@type":"ImageObject","inLanguage":"fr-FR","@id":"https:\/\/secure.gravatar.com\/avatar\/2be050aec229e60c80ff2568f734a7940f29c682cb1d844c6edf7770e18cb0e2?s=96&d=mm&r=g","url":"https:\/\/secure.gravatar.com\/avatar\/2be050aec229e60c80ff2568f734a7940f29c682cb1d844c6edf7770e18cb0e2?s=96&d=mm&r=g","contentUrl":"https:\/\/secure.gravatar.com\/avatar\/2be050aec229e60c80ff2568f734a7940f29c682cb1d844c6edf7770e18cb0e2?s=96&d=mm&r=g","caption":"Simon Bechelen"},"sameAs":["http:\/\/ignis-avocat.com"],"url":"https:\/\/ignis-avocat.com\/index.php\/author\/ignis-avocat-com\/"}]}},"_links":{"self":[{"href":"https:\/\/ignis-avocat.com\/index.php\/wp-json\/wp\/v2\/posts\/4145","targetHints":{"allow":["GET"]}}],"collection":[{"href":"https:\/\/ignis-avocat.com\/index.php\/wp-json\/wp\/v2\/posts"}],"about":[{"href":"https:\/\/ignis-avocat.com\/index.php\/wp-json\/wp\/v2\/types\/post"}],"author":[{"embeddable":true,"href":"https:\/\/ignis-avocat.com\/index.php\/wp-json\/wp\/v2\/users\/1"}],"replies":[{"embeddable":true,"href":"https:\/\/ignis-avocat.com\/index.php\/wp-json\/wp\/v2\/comments?post=4145"}],"version-history":[{"count":17,"href":"https:\/\/ignis-avocat.com\/index.php\/wp-json\/wp\/v2\/posts\/4145\/revisions"}],"predecessor-version":[{"id":4214,"href":"https:\/\/ignis-avocat.com\/index.php\/wp-json\/wp\/v2\/posts\/4145\/revisions\/4214"}],"wp:featuredmedia":[{"embeddable":true,"href":"https:\/\/ignis-avocat.com\/index.php\/wp-json\/wp\/v2\/media\/4147"}],"wp:attachment":[{"href":"https:\/\/ignis-avocat.com\/index.php\/wp-json\/wp\/v2\/media?parent=4145"}],"wp:term":[{"taxonomy":"category","embeddable":true,"href":"https:\/\/ignis-avocat.com\/index.php\/wp-json\/wp\/v2\/categories?post=4145"},{"taxonomy":"post_tag","embeddable":true,"href":"https:\/\/ignis-avocat.com\/index.php\/wp-json\/wp\/v2\/tags?post=4145"}],"curies":[{"name":"wp","href":"https:\/\/api.w.org\/{rel}","templated":true}]}}