{"id":1095,"date":"2025-02-11T17:47:31","date_gmt":"2025-02-11T16:47:31","guid":{"rendered":"http:\/\/sevit"},"modified":"2025-11-12T16:22:12","modified_gmt":"2025-11-12T15:22:12","slug":"contester-un-refus-ou-un-retrait-dhabilitation-aeroportuaire","status":"publish","type":"post","link":"https:\/\/ignis-avocat.com\/index.php\/2025\/02\/11\/contester-un-refus-ou-un-retrait-dhabilitation-aeroportuaire\/","title":{"rendered":"Contester un refus ou un retrait d\u2019habilitation a\u00e9roportuaire"},"content":{"rendered":"\t\t<div data-elementor-type=\"wp-post\" data-elementor-id=\"1095\" class=\"elementor elementor-1095\" data-elementor-post-type=\"post\">\n\t\t\t\t\t\t<section class=\"elementor-section elementor-top-section elementor-element elementor-element-c028af2 elementor-section-boxed elementor-section-height-default elementor-section-height-default\" data-id=\"c028af2\" data-element_type=\"section\" data-e-type=\"section\" data-settings=\"{&quot;background_background&quot;:&quot;classic&quot;}\">\n\t\t\t\t\t\t<div class=\"elementor-container elementor-column-gap-default\">\n\t\t\t\t\t<div class=\"elementor-column elementor-col-100 elementor-top-column elementor-element elementor-element-e84ff44\" data-id=\"e84ff44\" data-element_type=\"column\" data-e-type=\"column\">\n\t\t\t<div class=\"elementor-widget-wrap elementor-element-populated\">\n\t\t\t\t\t\t<div class=\"elementor-element elementor-element-f222066 elementor-view-default elementor-widget elementor-widget-icon\" data-id=\"f222066\" data-element_type=\"widget\" data-e-type=\"widget\" data-widget_type=\"icon.default\">\n\t\t\t\t<div class=\"elementor-widget-container\">\n\t\t\t\t\t\t\t<div class=\"elementor-icon-wrapper\">\n\t\t\t<div class=\"elementor-icon\">\n\t\t\t<svg xmlns=\"http:\/\/www.w3.org\/2000\/svg\" xmlns:xlink=\"http:\/\/www.w3.org\/1999\/xlink\" width=\"43px\" height=\"93px\" viewBox=\"0 0 43 93\"><title>Combined Shape<\/title><desc>Created with Sketch.<\/desc><defs><linearGradient x1=\"53.7525337%\" y1=\"0%\" x2=\"50%\" y2=\"100%\" id=\"linearGradient-1\"><stop stop-color=\"#B7B7B7\" offset=\"0%\"><\/stop><stop stop-color=\"#FFFFFF\" offset=\"100%\"><\/stop><\/linearGradient><\/defs><g id=\"Website-Chosen-Pages\" stroke=\"none\" stroke-width=\"1\" fill=\"none\" fill-rule=\"evenodd\"><g id=\"Home-Page-\" transform=\"translate(-929.000000, -2726.000000)\" stroke=\"url(#linearGradient-1)\" stroke-width=\"2\"><g transform=\"translate(561.000000, 2726.000000)\"><path d=\"M389.5,0 L389.5,93 M369.5,57.3081081 L369.5,93 M399.5,31.6702703 L399.5,93 M409.5,57.3081081 L409.5,93 M379.5,21.6162162 L379.5,93\" id=\"Combined-Shape\"><\/path><\/g><\/g><\/g><\/svg>\t\t\t<\/div>\n\t\t<\/div>\n\t\t\t\t\t\t<\/div>\n\t\t\t\t<\/div>\n\t\t\t\t<div class=\"elementor-element elementor-element-a6169bf elementor-widget elementor-widget-heading\" data-id=\"a6169bf\" data-element_type=\"widget\" data-e-type=\"widget\" data-settings=\"{&quot;motion_fx_motion_fx_scrolling&quot;:&quot;yes&quot;,&quot;motion_fx_devices&quot;:[&quot;desktop&quot;,&quot;tablet&quot;,&quot;mobile&quot;]}\" data-widget_type=\"heading.default\">\n\t\t\t\t<div class=\"elementor-widget-container\">\n\t\t\t\t\t<h2 class=\"elementor-heading-title elementor-size-default\">Contester un refus ou un retrait d\u2019habilitation a\u00e9roportuaire<\/h2>\t\t\t\t<\/div>\n\t\t\t\t<\/div>\n\t\t\t\t<div class=\"elementor-element elementor-element-36bd31a elementor-widget elementor-widget-image\" data-id=\"36bd31a\" data-element_type=\"widget\" data-e-type=\"widget\" data-widget_type=\"image.default\">\n\t\t\t\t<div class=\"elementor-widget-container\">\n\t\t\t\t\t\t\t\t\t\t\t\t\t\t\t<img fetchpriority=\"high\" decoding=\"async\" width=\"800\" height=\"450\" src=\"https:\/\/ignis-avocat.com\/wp-content\/uploads\/2024\/04\/Aeroport-Marseille-provence-1-1024x576.webp\" class=\"attachment-large size-large wp-image-3668\" alt=\"\" srcset=\"https:\/\/ignis-avocat.com\/wp-content\/uploads\/2024\/04\/Aeroport-Marseille-provence-1-1024x576.webp 1024w, https:\/\/ignis-avocat.com\/wp-content\/uploads\/2024\/04\/Aeroport-Marseille-provence-1-300x169.webp 300w, https:\/\/ignis-avocat.com\/wp-content\/uploads\/2024\/04\/Aeroport-Marseille-provence-1-768x432.webp 768w, https:\/\/ignis-avocat.com\/wp-content\/uploads\/2024\/04\/Aeroport-Marseille-provence-1.webp 1280w\" sizes=\"(max-width: 800px) 100vw, 800px\" \/>\t\t\t\t\t\t\t\t\t\t\t\t\t\t\t<\/div>\n\t\t\t\t<\/div>\n\t\t\t\t<div class=\"elementor-element elementor-element-37d1063 elementor-widget__width-initial elementor-widget elementor-widget-text-editor\" data-id=\"37d1063\" data-element_type=\"widget\" data-e-type=\"widget\" data-widget_type=\"text-editor.default\">\n\t\t\t\t<div class=\"elementor-widget-container\">\n\t\t\t\t\t\t\t\t\t<div>Le cabinet Ignis avocat a r\u00e9cemment \u00e9t\u00e9 saisi par un agent affect\u00e9 au fret de l&rsquo;<span style=\"color: #ffffff;\"><a style=\"color: #ffffff;\" href=\"https:\/\/www.marseille.aeroport.fr\">a\u00e9roport Marseille Provence<\/a><\/span> \u00e0 Marignane dont le renouvellement d&rsquo;habilitation avait \u00e9t\u00e9 refus\u00e9.<\/div>\n<div>\u00a0<\/div>\n<div>Le cabinet a par cons\u00e9quent d\u00e9cid\u00e9 d&rsquo;agir en deux temps :<\/div>\n<div>\u00a0<\/div>\n<p>&#8211; Dans un premier temps, un recours gracieux a \u00e9t\u00e9 adress\u00e9 au <span style=\"color: #ffffff;\"><a style=\"color: #ffffff;\" href=\"https:\/\/www.bouches-du-rhone.gouv.fr\/Services-de-l-Etat\/Prefet-de-police-et-prefecture-de-police\">pr\u00e9fet de Police des Bouches-du-Rh\u00f4ne<\/a> <\/span>;<\/p>\n<p>&#8211; Dans un second temps et en l&rsquo;absence de r\u00e9ponse, le <span style=\"color: #ffffff;\"><a style=\"color: #ffffff;\" href=\"https:\/\/marseille.tribunal-administratif.fr\">tribunal administratif de Marseille<\/a><\/span> a \u00e9t\u00e9 saisi d&rsquo;un recours au fond ainsi que d&rsquo;un r\u00e9f\u00e9r\u00e9 suspension.<\/p>\n<p>Suite \u00e0 ces recours et apr\u00e8s \u00e9changes, <span style=\"color: #ffffff;\"><a style=\"color: #ffffff;\" href=\"https:\/\/www.bouches-du-rhone.gouv.fr\/Services-de-l-Etat\/Prefet-de-police-et-prefecture-de-police\">la pr\u00e9fecture de police\u00a0des Bouches-du-Rh\u00f4ne<\/a><\/span> a finalement accord\u00e9 au client d&rsquo;Ignis avocat son habilitation.<\/p>\t\t\t\t\t\t\t\t<\/div>\n\t\t\t\t<\/div>\n\t\t\t\t\t<\/div>\n\t\t<\/div>\n\t\t\t\t\t<\/div>\n\t\t<\/section>\n\t\t\t\t<section class=\"elementor-section elementor-top-section elementor-element elementor-element-2eec8bf elementor-section-boxed elementor-section-height-default elementor-section-height-default\" data-id=\"2eec8bf\" data-element_type=\"section\" data-e-type=\"section\" data-settings=\"{&quot;background_background&quot;:&quot;classic&quot;}\">\n\t\t\t\t\t\t<div class=\"elementor-container elementor-column-gap-default\">\n\t\t\t\t\t<div class=\"elementor-column elementor-col-100 elementor-top-column elementor-element elementor-element-ff7e728\" data-id=\"ff7e728\" data-element_type=\"column\" data-e-type=\"column\">\n\t\t\t<div class=\"elementor-widget-wrap elementor-element-populated\">\n\t\t\t\t\t\t<div class=\"elementor-element elementor-element-c8b4d8c elementor-view-default elementor-widget elementor-widget-icon\" data-id=\"c8b4d8c\" data-element_type=\"widget\" data-e-type=\"widget\" data-widget_type=\"icon.default\">\n\t\t\t\t<div class=\"elementor-widget-container\">\n\t\t\t\t\t\t\t<div class=\"elementor-icon-wrapper\">\n\t\t\t<div class=\"elementor-icon\">\n\t\t\t<svg xmlns=\"http:\/\/www.w3.org\/2000\/svg\" xmlns:xlink=\"http:\/\/www.w3.org\/1999\/xlink\" width=\"43px\" height=\"93px\" viewBox=\"0 0 43 93\"><title>Combined Shape<\/title><desc>Created with Sketch.<\/desc><defs><linearGradient x1=\"53.7525337%\" y1=\"0%\" x2=\"50%\" y2=\"100%\" id=\"linearGradient-1\"><stop stop-color=\"#B7B7B7\" offset=\"0%\"><\/stop><stop stop-color=\"#FFFFFF\" offset=\"100%\"><\/stop><\/linearGradient><\/defs><g id=\"Website-Chosen-Pages\" stroke=\"none\" stroke-width=\"1\" fill=\"none\" fill-rule=\"evenodd\"><g id=\"Home-Page-\" transform=\"translate(-929.000000, -2726.000000)\" stroke=\"url(#linearGradient-1)\" stroke-width=\"2\"><g transform=\"translate(561.000000, 2726.000000)\"><path d=\"M389.5,0 L389.5,93 M369.5,57.3081081 L369.5,93 M399.5,31.6702703 L399.5,93 M409.5,57.3081081 L409.5,93 M379.5,21.6162162 L379.5,93\" id=\"Combined-Shape\"><\/path><\/g><\/g><\/g><\/svg>\t\t\t<\/div>\n\t\t<\/div>\n\t\t\t\t\t\t<\/div>\n\t\t\t\t<\/div>\n\t\t\t\t<div class=\"elementor-element elementor-element-96e4b7f elementor-widget elementor-widget-heading\" data-id=\"96e4b7f\" data-element_type=\"widget\" data-e-type=\"widget\" data-settings=\"{&quot;motion_fx_motion_fx_scrolling&quot;:&quot;yes&quot;,&quot;motion_fx_devices&quot;:[&quot;desktop&quot;,&quot;tablet&quot;,&quot;mobile&quot;]}\" data-widget_type=\"heading.default\">\n\t\t\t\t<div class=\"elementor-widget-container\">\n\t\t\t\t\t<h2 class=\"elementor-heading-title elementor-size-default\">Rappel de la r\u00e9glementation applicable<\/h2>\t\t\t\t<\/div>\n\t\t\t\t<\/div>\n\t\t\t\t<div class=\"elementor-element elementor-element-6bc7123 elementor-widget__width-initial elementor-widget elementor-widget-text-editor\" data-id=\"6bc7123\" data-element_type=\"widget\" data-e-type=\"widget\" data-widget_type=\"text-editor.default\">\n\t\t\t\t<div class=\"elementor-widget-container\">\n\t\t\t\t\t\t\t\t\t<div><span style=\"color: #ffffff;\"><a style=\"color: #ffffff;\" href=\"https:\/\/www.legifrance.gouv.fr\/codes\/article_lc\/LEGIARTI000044191686\/2222-02-22\">L\u2019article L. 6342-3 du code de l\u2019aviation civile<\/a><\/span> liste les personnes qui n\u00e9cessitent une habilitation afin de travailler en zone a\u00e9roportuaire :<\/div><div>\u00a0<\/div><div>1\u00b0 Les personnes ayant acc\u00e8s aux zones de s\u00fbret\u00e9 \u00e0 acc\u00e8s r\u00e9glement\u00e9 des a\u00e9rodromes ;<\/div><div>\u00a0<\/div><div>2\u00b0 Les personnes ayant acc\u00e8s aux approvisionnements de bord s\u00e9curis\u00e9s ainsi que celles ayant acc\u00e8s au fret, aux colis postaux ou au courrier postal s\u00e9curis\u00e9s par un agent habilit\u00e9 ou ayant fait l&rsquo;objet de contr\u00f4les de s\u00fbret\u00e9 par un chargeur connu et identifi\u00e9s comme devant \u00eatre achemin\u00e9s par voie a\u00e9rienne ;<\/div><div>\u00a0<\/div><div>3\u00b0 Les instructeurs en s\u00fbret\u00e9 de l&rsquo;aviation civile ;<\/div><div>\u00a0<\/div><div>4\u00b0 Les personnes qui ont des droits d&rsquo;administrateur ou un acc\u00e8s non surveill\u00e9 et illimit\u00e9 aux donn\u00e9es utilis\u00e9s aux fins de la s\u00fbret\u00e9 de l&rsquo;aviation civile.<\/div>\t\t\t\t\t\t\t\t<\/div>\n\t\t\t\t<\/div>\n\t\t\t\t<div class=\"elementor-element elementor-element-25e986f elementor-widget__width-initial elementor-widget elementor-widget-text-editor\" data-id=\"25e986f\" data-element_type=\"widget\" data-e-type=\"widget\" data-widget_type=\"text-editor.default\">\n\t\t\t\t<div class=\"elementor-widget-container\">\n\t\t\t\t\t\t\t\t\t<div><p>La proc\u00e9dure d\u2019habilitation est men\u00e9e par le pr\u00e9fet de police qui effectue une enqu\u00eate administrative donnant lieu \u00e0 consultation du bulletin n\u00b0 2 du casier judiciaire et du traitement d&rsquo;ant\u00e9c\u00e9dents judiciaires (TAJ).<\/p><\/div><div><span style=\"color: #ffffff;\"><a style=\"color: #ffffff;\" href=\"https:\/\/www.legifrance.gouv.fr\/codes\/article_lc\/LEGIARTI000026090706\/2020-01-01\">L&rsquo;article R. 213-3-1 du code de l&rsquo;aviation civile<\/a><\/span> pr\u00e9cise que l&rsquo;habilitation peut \u00eatre retir\u00e9e ou suspendue par le pr\u00e9fet de police lorsque la moralit\u00e9 ou le comportement de la personne\u00a0:<\/div><div>\u00a0<\/div><div>&#8211; ne pr\u00e9sente pas les garanties requises au regard de la s\u00fbret\u00e9 de l&rsquo;Etat, de la s\u00e9curit\u00e9 publique, de la s\u00e9curit\u00e9 des personnes, de l&rsquo;ordre public ;<\/div><div>\u00a0<\/div><div>&#8211; sont incompatibles avec l&rsquo;exercice de son activit\u00e9.\u00a0<\/div>\t\t\t\t\t\t\t\t<\/div>\n\t\t\t\t<\/div>\n\t\t\t\t\t<\/div>\n\t\t<\/div>\n\t\t\t\t\t<\/div>\n\t\t<\/section>\n\t\t\t\t<section class=\"elementor-section elementor-top-section elementor-element elementor-element-ca66e40 elementor-section-boxed elementor-section-height-default elementor-section-height-default\" data-id=\"ca66e40\" data-element_type=\"section\" data-e-type=\"section\">\n\t\t\t\t\t\t<div class=\"elementor-container elementor-column-gap-default\">\n\t\t\t\t\t<div class=\"elementor-column elementor-col-100 elementor-top-column elementor-element elementor-element-26622bf\" data-id=\"26622bf\" data-element_type=\"column\" data-e-type=\"column\">\n\t\t\t<div class=\"elementor-widget-wrap elementor-element-populated\">\n\t\t\t\t\t\t<div class=\"elementor-element elementor-element-5e76102 elementor-view-default elementor-widget elementor-widget-icon\" data-id=\"5e76102\" data-element_type=\"widget\" data-e-type=\"widget\" data-widget_type=\"icon.default\">\n\t\t\t\t<div class=\"elementor-widget-container\">\n\t\t\t\t\t\t\t<div class=\"elementor-icon-wrapper\">\n\t\t\t<div class=\"elementor-icon\">\n\t\t\t<svg xmlns=\"http:\/\/www.w3.org\/2000\/svg\" xmlns:xlink=\"http:\/\/www.w3.org\/1999\/xlink\" width=\"43px\" height=\"93px\" viewBox=\"0 0 43 93\"><title>Combined Shape<\/title><desc>Created with Sketch.<\/desc><defs><linearGradient x1=\"53.7525337%\" y1=\"0%\" x2=\"50%\" y2=\"100%\" id=\"linearGradient-1\"><stop stop-color=\"#B7B7B7\" offset=\"0%\"><\/stop><stop stop-color=\"#FFFFFF\" offset=\"100%\"><\/stop><\/linearGradient><\/defs><g id=\"Website-Chosen-Pages\" stroke=\"none\" stroke-width=\"1\" fill=\"none\" fill-rule=\"evenodd\"><g id=\"Home-Page-\" transform=\"translate(-929.000000, -2726.000000)\" stroke=\"url(#linearGradient-1)\" stroke-width=\"2\"><g transform=\"translate(561.000000, 2726.000000)\"><path d=\"M389.5,0 L389.5,93 M369.5,57.3081081 L369.5,93 M399.5,31.6702703 L399.5,93 M409.5,57.3081081 L409.5,93 M379.5,21.6162162 L379.5,93\" id=\"Combined-Shape\"><\/path><\/g><\/g><\/g><\/svg>\t\t\t<\/div>\n\t\t<\/div>\n\t\t\t\t\t\t<\/div>\n\t\t\t\t<\/div>\n\t\t\t\t<div class=\"elementor-element elementor-element-42e9b27 elementor-widget elementor-widget-heading\" data-id=\"42e9b27\" data-element_type=\"widget\" data-e-type=\"widget\" data-widget_type=\"heading.default\">\n\t\t\t\t<div class=\"elementor-widget-container\">\n\t\t\t\t\t<h2 class=\"elementor-heading-title elementor-size-default\">Les Services propos\u00e9s par le cabinet Ignis avocat<\/h2>\t\t\t\t<\/div>\n\t\t\t\t<\/div>\n\t\t\t\t<section class=\"elementor-section elementor-inner-section elementor-element elementor-element-4fc9be6 elementor-section-full_width elementor-section-height-default elementor-section-height-default\" data-id=\"4fc9be6\" data-element_type=\"section\" data-e-type=\"section\">\n\t\t\t\t\t\t<div class=\"elementor-container elementor-column-gap-default\">\n\t\t\t\t\t<div class=\"elementor-column elementor-col-50 elementor-inner-column elementor-element elementor-element-e18b4e1\" data-id=\"e18b4e1\" data-element_type=\"column\" data-e-type=\"column\">\n\t\t\t<div class=\"elementor-widget-wrap elementor-element-populated\">\n\t\t\t\t\t\t<div class=\"elementor-element elementor-element-85a3a17 elementor-view-default elementor-position-block-start elementor-mobile-position-block-start elementor-widget elementor-widget-icon-box\" data-id=\"85a3a17\" data-element_type=\"widget\" data-e-type=\"widget\" data-widget_type=\"icon-box.default\">\n\t\t\t\t<div class=\"elementor-widget-container\">\n\t\t\t\t\t\t\t<div class=\"elementor-icon-box-wrapper\">\n\n\t\t\t\t\t\t<div class=\"elementor-icon-box-icon\">\n\t\t\t\t<span  class=\"elementor-icon\">\n\t\t\t\t<i aria-hidden=\"true\" class=\"fas fa-comments\"><\/i>\t\t\t\t<\/span>\n\t\t\t<\/div>\n\t\t\t\n\t\t\t\t\t\t<div class=\"elementor-icon-box-content\">\n\n\t\t\t\t\t\t\t\t\t<h3 class=\"elementor-icon-box-title\">\n\t\t\t\t\t\t<span  >\n\t\t\t\t\t\t\tRECOURS GRACIEUX DEVANT LA PREFECTURE DE POLICE\t\t\t\t\t\t<\/span>\n\t\t\t\t\t<\/h3>\n\t\t\t\t\n\t\t\t\t\t\t\t\t\t<p class=\"elementor-icon-box-description\">\n\t\t\t\t\t\tIgnis avocat construit votre dossier et adresse une mise en demeure au pr\u00e9fet de police afin qu'il vous accorde votre habilitation a\u00e9roportuaire.\t\t\t\t\t<\/p>\n\t\t\t\t\n\t\t\t<\/div>\n\t\t\t\n\t\t<\/div>\n\t\t\t\t\t\t<\/div>\n\t\t\t\t<\/div>\n\t\t\t\t\t<\/div>\n\t\t<\/div>\n\t\t\t\t<div class=\"elementor-column elementor-col-50 elementor-inner-column elementor-element elementor-element-10d7875\" data-id=\"10d7875\" data-element_type=\"column\" data-e-type=\"column\">\n\t\t\t<div class=\"elementor-widget-wrap elementor-element-populated\">\n\t\t\t\t\t\t<div class=\"elementor-element elementor-element-28fa504 elementor-widget__width-initial elementor-view-default elementor-position-block-start elementor-mobile-position-block-start elementor-widget elementor-widget-icon-box\" data-id=\"28fa504\" data-element_type=\"widget\" data-e-type=\"widget\" data-widget_type=\"icon-box.default\">\n\t\t\t\t<div class=\"elementor-widget-container\">\n\t\t\t\t\t\t\t<div class=\"elementor-icon-box-wrapper\">\n\n\t\t\t\t\t\t<div class=\"elementor-icon-box-icon\">\n\t\t\t\t<span  class=\"elementor-icon\">\n\t\t\t\t<i aria-hidden=\"true\" class=\"fas fa-university\"><\/i>\t\t\t\t<\/span>\n\t\t\t<\/div>\n\t\t\t\n\t\t\t\t\t\t<div class=\"elementor-icon-box-content\">\n\n\t\t\t\t\t\t\t\t\t<h3 class=\"elementor-icon-box-title\">\n\t\t\t\t\t\t<span  >\n\t\t\t\t\t\t\tRECOURS DEVANT LE JUGE ADMINISTRATIF\t\t\t\t\t\t<\/span>\n\t\t\t\t\t<\/h3>\n\t\t\t\t\n\t\t\t\t\t\t\t\t\t<p class=\"elementor-icon-box-description\">\n\t\t\t\t\t\tCe recours peut consister en une proc\u00e9dure d\u2019urgence appel\u00e9e r\u00e9f\u00e9r\u00e9 suspension qui permet d\u2019obtenir une d\u00e9cision plus rapidement ou bien d\u2019un recours au fond afin d\u2019obtenir l\u2019annulation du refus ou du retrait de l\u2019habilitation.\n\t\t\t\t\t<\/p>\n\t\t\t\t\n\t\t\t<\/div>\n\t\t\t\n\t\t<\/div>\n\t\t\t\t\t\t<\/div>\n\t\t\t\t<\/div>\n\t\t\t\t\t<\/div>\n\t\t<\/div>\n\t\t\t\t\t<\/div>\n\t\t<\/section>\n\t\t\t\t\t<\/div>\n\t\t<\/div>\n\t\t\t\t\t<\/div>\n\t\t<\/section>\n\t\t\t\t<section class=\"elementor-section elementor-top-section elementor-element elementor-element-29df0c2 elementor-section-boxed elementor-section-height-default elementor-section-height-default\" data-id=\"29df0c2\" data-element_type=\"section\" data-e-type=\"section\">\n\t\t\t\t\t\t<div class=\"elementor-container elementor-column-gap-default\">\n\t\t\t\t\t<div class=\"elementor-column elementor-col-100 elementor-top-column elementor-element elementor-element-6b926e2\" data-id=\"6b926e2\" data-element_type=\"column\" data-e-type=\"column\">\n\t\t\t<div class=\"elementor-widget-wrap elementor-element-populated\">\n\t\t\t\t\t\t<section class=\"elementor-section elementor-inner-section elementor-element elementor-element-a5ab85f elementor-section-content-middle elementor-section-boxed elementor-section-height-default elementor-section-height-default\" data-id=\"a5ab85f\" data-element_type=\"section\" data-e-type=\"section\">\n\t\t\t\t\t\t<div class=\"elementor-container elementor-column-gap-default\">\n\t\t\t\t\t<div class=\"elementor-column elementor-col-100 elementor-inner-column elementor-element elementor-element-1c05c5a\" data-id=\"1c05c5a\" data-element_type=\"column\" data-e-type=\"column\">\n\t\t\t<div class=\"elementor-widget-wrap elementor-element-populated\">\n\t\t\t\t\t\t<div class=\"elementor-element elementor-element-75181a5 elementor-align-center elementor-widget elementor-widget-button\" data-id=\"75181a5\" data-element_type=\"widget\" data-e-type=\"widget\" data-widget_type=\"button.default\">\n\t\t\t\t<div class=\"elementor-widget-container\">\n\t\t\t\t\t\t\t\t\t<div class=\"elementor-button-wrapper\">\n\t\t\t\t\t<a class=\"elementor-button elementor-button-link elementor-size-sm\" href=\"https:\/\/ignis-avocat.com\/index.php\/contact\/\">\n\t\t\t\t\t\t<span class=\"elementor-button-content-wrapper\">\n\t\t\t\t\t\t\t\t\t<span class=\"elementor-button-text\">PRENDRE RENDEZ-VOUS<\/span>\n\t\t\t\t\t<\/span>\n\t\t\t\t\t<\/a>\n\t\t\t\t<\/div>\n\t\t\t\t\t\t\t\t<\/div>\n\t\t\t\t<\/div>\n\t\t\t\t\t<\/div>\n\t\t<\/div>\n\t\t\t\t\t<\/div>\n\t\t<\/section>\n\t\t\t\t\t<\/div>\n\t\t<\/div>\n\t\t\t\t\t<\/div>\n\t\t<\/section>\n\t\t\t\t<\/div>\n\t\t","protected":false},"excerpt":{"rendered":"<p>Le cabinet Ignis avocat a r\u00e9cemment \u00e9t\u00e9 saisi par un agent affect\u00e9 au fret de l\u2019a\u00e9roport Marseille Provence \u00e0 Marignane dont le renouvellement d\u2019habilitation avait \u00e9t\u00e9 refus\u00e9.<\/p>\n","protected":false},"author":1,"featured_media":3668,"comment_status":"open","ping_status":"open","sticky":false,"template":"","format":"standard","meta":{"_monsterinsights_skip_tracking":false,"_monsterinsights_sitenote_active":false,"_monsterinsights_sitenote_note":"","_monsterinsights_sitenote_category":0,"footnotes":""},"categories":[7],"tags":[],"class_list":["post-1095","post","type-post","status-publish","format-standard","has-post-thumbnail","hentry","category-actualites"],"yoast_head":"<!-- This site is optimized with the Yoast SEO plugin v27.4 - https:\/\/yoast.com\/product\/yoast-seo-wordpress\/ -->\n<title>Ignis avocat - Contester un refus ou un retrait d\u2019habilitation a\u00e9roportuaire<\/title>\n<meta name=\"description\" content=\"Rappel de la r\u00e9glementation applicable et des modalit\u00e9s pour contester un refus ou retrait d&#039;habilitation a\u00e9roportuaire du pr\u00e9fet de police\" \/>\n<meta name=\"robots\" content=\"index, follow, max-snippet:-1, max-image-preview:large, max-video-preview:-1\" \/>\n<link rel=\"canonical\" href=\"https:\/\/ignis-avocat.com\/index.php\/2025\/02\/11\/contester-un-refus-ou-un-retrait-dhabilitation-aeroportuaire\/\" \/>\n<meta property=\"og:locale\" content=\"fr_FR\" \/>\n<meta property=\"og:type\" content=\"article\" \/>\n<meta property=\"og:title\" content=\"Ignis avocat - Contester un refus ou un retrait d\u2019habilitation a\u00e9roportuaire\" \/>\n<meta property=\"og:description\" content=\"Rappel de la r\u00e9glementation applicable et des modalit\u00e9s pour contester un refus ou retrait d&#039;habilitation a\u00e9roportuaire du pr\u00e9fet de police\" \/>\n<meta property=\"og:url\" content=\"https:\/\/ignis-avocat.com\/index.php\/2025\/02\/11\/contester-un-refus-ou-un-retrait-dhabilitation-aeroportuaire\/\" \/>\n<meta property=\"og:site_name\" content=\"Ignis avocat\" \/>\n<meta property=\"article:published_time\" content=\"2025-02-11T16:47:31+00:00\" \/>\n<meta property=\"article:modified_time\" content=\"2025-11-12T15:22:12+00:00\" \/>\n<meta property=\"og:image\" content=\"https:\/\/ignis-avocat.com\/wp-content\/uploads\/2024\/04\/Aeroport-Marseille-provence-1.webp\" \/>\n\t<meta property=\"og:image:width\" content=\"1280\" \/>\n\t<meta property=\"og:image:height\" content=\"720\" \/>\n\t<meta property=\"og:image:type\" content=\"image\/jpeg\" \/>\n<meta name=\"author\" content=\"Simon Bechelen\" \/>\n<meta name=\"twitter:card\" content=\"summary_large_image\" \/>\n<meta name=\"twitter:label1\" content=\"\u00c9crit par\" \/>\n\t<meta name=\"twitter:data1\" content=\"Simon Bechelen\" \/>\n\t<meta name=\"twitter:label2\" content=\"Dur\u00e9e de lecture estim\u00e9e\" \/>\n\t<meta name=\"twitter:data2\" content=\"3 minutes\" \/>\n<script type=\"application\/ld+json\" class=\"yoast-schema-graph\">{\"@context\":\"https:\\\/\\\/schema.org\",\"@graph\":[{\"@type\":\"Article\",\"@id\":\"https:\\\/\\\/ignis-avocat.com\\\/index.php\\\/2025\\\/02\\\/11\\\/contester-un-refus-ou-un-retrait-dhabilitation-aeroportuaire\\\/#article\",\"isPartOf\":{\"@id\":\"https:\\\/\\\/ignis-avocat.com\\\/index.php\\\/2025\\\/02\\\/11\\\/contester-un-refus-ou-un-retrait-dhabilitation-aeroportuaire\\\/\"},\"author\":{\"name\":\"Simon Bechelen\",\"@id\":\"https:\\\/\\\/ignis-avocat.com\\\/#\\\/schema\\\/person\\\/23a8052bacfd65492919cb16ac621a52\"},\"headline\":\"Contester un refus ou un retrait d\u2019habilitation a\u00e9roportuaire\",\"datePublished\":\"2025-02-11T16:47:31+00:00\",\"dateModified\":\"2025-11-12T15:22:12+00:00\",\"mainEntityOfPage\":{\"@id\":\"https:\\\/\\\/ignis-avocat.com\\\/index.php\\\/2025\\\/02\\\/11\\\/contester-un-refus-ou-un-retrait-dhabilitation-aeroportuaire\\\/\"},\"wordCount\":510,\"commentCount\":0,\"publisher\":{\"@id\":\"https:\\\/\\\/ignis-avocat.com\\\/#organization\"},\"image\":{\"@id\":\"https:\\\/\\\/ignis-avocat.com\\\/index.php\\\/2025\\\/02\\\/11\\\/contester-un-refus-ou-un-retrait-dhabilitation-aeroportuaire\\\/#primaryimage\"},\"thumbnailUrl\":\"https:\\\/\\\/ignis-avocat.com\\\/wp-content\\\/uploads\\\/2024\\\/04\\\/Aeroport-Marseille-provence-1.webp\",\"articleSection\":[\"Actualit\u00e9s\"],\"inLanguage\":\"fr-FR\",\"potentialAction\":[{\"@type\":\"CommentAction\",\"name\":\"Comment\",\"target\":[\"https:\\\/\\\/ignis-avocat.com\\\/index.php\\\/2025\\\/02\\\/11\\\/contester-un-refus-ou-un-retrait-dhabilitation-aeroportuaire\\\/#respond\"]}]},{\"@type\":\"WebPage\",\"@id\":\"https:\\\/\\\/ignis-avocat.com\\\/index.php\\\/2025\\\/02\\\/11\\\/contester-un-refus-ou-un-retrait-dhabilitation-aeroportuaire\\\/\",\"url\":\"https:\\\/\\\/ignis-avocat.com\\\/index.php\\\/2025\\\/02\\\/11\\\/contester-un-refus-ou-un-retrait-dhabilitation-aeroportuaire\\\/\",\"name\":\"Ignis avocat - Contester un refus ou un retrait d\u2019habilitation a\u00e9roportuaire\",\"isPartOf\":{\"@id\":\"https:\\\/\\\/ignis-avocat.com\\\/#website\"},\"primaryImageOfPage\":{\"@id\":\"https:\\\/\\\/ignis-avocat.com\\\/index.php\\\/2025\\\/02\\\/11\\\/contester-un-refus-ou-un-retrait-dhabilitation-aeroportuaire\\\/#primaryimage\"},\"image\":{\"@id\":\"https:\\\/\\\/ignis-avocat.com\\\/index.php\\\/2025\\\/02\\\/11\\\/contester-un-refus-ou-un-retrait-dhabilitation-aeroportuaire\\\/#primaryimage\"},\"thumbnailUrl\":\"https:\\\/\\\/ignis-avocat.com\\\/wp-content\\\/uploads\\\/2024\\\/04\\\/Aeroport-Marseille-provence-1.webp\",\"datePublished\":\"2025-02-11T16:47:31+00:00\",\"dateModified\":\"2025-11-12T15:22:12+00:00\",\"description\":\"Rappel de la r\u00e9glementation applicable et des modalit\u00e9s pour contester un refus ou retrait d'habilitation a\u00e9roportuaire du pr\u00e9fet de police\",\"breadcrumb\":{\"@id\":\"https:\\\/\\\/ignis-avocat.com\\\/index.php\\\/2025\\\/02\\\/11\\\/contester-un-refus-ou-un-retrait-dhabilitation-aeroportuaire\\\/#breadcrumb\"},\"inLanguage\":\"fr-FR\",\"potentialAction\":[{\"@type\":\"ReadAction\",\"target\":[\"https:\\\/\\\/ignis-avocat.com\\\/index.php\\\/2025\\\/02\\\/11\\\/contester-un-refus-ou-un-retrait-dhabilitation-aeroportuaire\\\/\"]}]},{\"@type\":\"ImageObject\",\"inLanguage\":\"fr-FR\",\"@id\":\"https:\\\/\\\/ignis-avocat.com\\\/index.php\\\/2025\\\/02\\\/11\\\/contester-un-refus-ou-un-retrait-dhabilitation-aeroportuaire\\\/#primaryimage\",\"url\":\"https:\\\/\\\/ignis-avocat.com\\\/wp-content\\\/uploads\\\/2024\\\/04\\\/Aeroport-Marseille-provence-1.webp\",\"contentUrl\":\"https:\\\/\\\/ignis-avocat.com\\\/wp-content\\\/uploads\\\/2024\\\/04\\\/Aeroport-Marseille-provence-1.webp\",\"width\":1280,\"height\":720,\"caption\":\"Marignane\"},{\"@type\":\"BreadcrumbList\",\"@id\":\"https:\\\/\\\/ignis-avocat.com\\\/index.php\\\/2025\\\/02\\\/11\\\/contester-un-refus-ou-un-retrait-dhabilitation-aeroportuaire\\\/#breadcrumb\",\"itemListElement\":[{\"@type\":\"ListItem\",\"position\":1,\"name\":\"Accueil\",\"item\":\"https:\\\/\\\/ignis-avocat.com\\\/\"},{\"@type\":\"ListItem\",\"position\":2,\"name\":\"Contester un refus ou un retrait d\u2019habilitation a\u00e9roportuaire\"}]},{\"@type\":\"WebSite\",\"@id\":\"https:\\\/\\\/ignis-avocat.com\\\/#website\",\"url\":\"https:\\\/\\\/ignis-avocat.com\\\/\",\"name\":\"Ignis avocat\",\"description\":\"\",\"publisher\":{\"@id\":\"https:\\\/\\\/ignis-avocat.com\\\/#organization\"},\"potentialAction\":[{\"@type\":\"SearchAction\",\"target\":{\"@type\":\"EntryPoint\",\"urlTemplate\":\"https:\\\/\\\/ignis-avocat.com\\\/?s={search_term_string}\"},\"query-input\":{\"@type\":\"PropertyValueSpecification\",\"valueRequired\":true,\"valueName\":\"search_term_string\"}}],\"inLanguage\":\"fr-FR\"},{\"@type\":\"Organization\",\"@id\":\"https:\\\/\\\/ignis-avocat.com\\\/#organization\",\"name\":\"Ignis avocat\",\"url\":\"https:\\\/\\\/ignis-avocat.com\\\/\",\"logo\":{\"@type\":\"ImageObject\",\"inLanguage\":\"fr-FR\",\"@id\":\"https:\\\/\\\/ignis-avocat.com\\\/#\\\/schema\\\/logo\\\/image\\\/\",\"url\":\"https:\\\/\\\/ignis-avocat.com\\\/wp-content\\\/uploads\\\/2023\\\/11\\\/cropped-IGNIS-8.png\",\"contentUrl\":\"https:\\\/\\\/ignis-avocat.com\\\/wp-content\\\/uploads\\\/2023\\\/11\\\/cropped-IGNIS-8.png\",\"width\":512,\"height\":512,\"caption\":\"Ignis avocat\"},\"image\":{\"@id\":\"https:\\\/\\\/ignis-avocat.com\\\/#\\\/schema\\\/logo\\\/image\\\/\"},\"sameAs\":[\"https:\\\/\\\/www.linkedin.com\\\/in\\\/simon-bechelen-a2558016b\\\/\"]},{\"@type\":\"Person\",\"@id\":\"https:\\\/\\\/ignis-avocat.com\\\/#\\\/schema\\\/person\\\/23a8052bacfd65492919cb16ac621a52\",\"name\":\"Simon Bechelen\",\"image\":{\"@type\":\"ImageObject\",\"inLanguage\":\"fr-FR\",\"@id\":\"https:\\\/\\\/secure.gravatar.com\\\/avatar\\\/2be050aec229e60c80ff2568f734a7940f29c682cb1d844c6edf7770e18cb0e2?s=96&d=mm&r=g\",\"url\":\"https:\\\/\\\/secure.gravatar.com\\\/avatar\\\/2be050aec229e60c80ff2568f734a7940f29c682cb1d844c6edf7770e18cb0e2?s=96&d=mm&r=g\",\"contentUrl\":\"https:\\\/\\\/secure.gravatar.com\\\/avatar\\\/2be050aec229e60c80ff2568f734a7940f29c682cb1d844c6edf7770e18cb0e2?s=96&d=mm&r=g\",\"caption\":\"Simon Bechelen\"},\"sameAs\":[\"http:\\\/\\\/ignis-avocat.com\"],\"url\":\"https:\\\/\\\/ignis-avocat.com\\\/index.php\\\/author\\\/ignis-avocat-com\\\/\"}]}<\/script>\n<!-- \/ Yoast SEO plugin. -->","yoast_head_json":{"title":"Ignis avocat - Contester un refus ou un retrait d\u2019habilitation a\u00e9roportuaire","description":"Rappel de la r\u00e9glementation applicable et des modalit\u00e9s pour contester un refus ou retrait d'habilitation a\u00e9roportuaire du pr\u00e9fet de police","robots":{"index":"index","follow":"follow","max-snippet":"max-snippet:-1","max-image-preview":"max-image-preview:large","max-video-preview":"max-video-preview:-1"},"canonical":"https:\/\/ignis-avocat.com\/index.php\/2025\/02\/11\/contester-un-refus-ou-un-retrait-dhabilitation-aeroportuaire\/","og_locale":"fr_FR","og_type":"article","og_title":"Ignis avocat - Contester un refus ou un retrait d\u2019habilitation a\u00e9roportuaire","og_description":"Rappel de la r\u00e9glementation applicable et des modalit\u00e9s pour contester un refus ou retrait d'habilitation a\u00e9roportuaire du pr\u00e9fet de police","og_url":"https:\/\/ignis-avocat.com\/index.php\/2025\/02\/11\/contester-un-refus-ou-un-retrait-dhabilitation-aeroportuaire\/","og_site_name":"Ignis avocat","article_published_time":"2025-02-11T16:47:31+00:00","article_modified_time":"2025-11-12T15:22:12+00:00","og_image":[{"width":1280,"height":720,"url":"https:\/\/ignis-avocat.com\/wp-content\/uploads\/2024\/04\/Aeroport-Marseille-provence-1.webp","type":"image\/jpeg"}],"author":"Simon Bechelen","twitter_card":"summary_large_image","twitter_misc":{"\u00c9crit par":"Simon Bechelen","Dur\u00e9e de lecture estim\u00e9e":"3 minutes"},"schema":{"@context":"https:\/\/schema.org","@graph":[{"@type":"Article","@id":"https:\/\/ignis-avocat.com\/index.php\/2025\/02\/11\/contester-un-refus-ou-un-retrait-dhabilitation-aeroportuaire\/#article","isPartOf":{"@id":"https:\/\/ignis-avocat.com\/index.php\/2025\/02\/11\/contester-un-refus-ou-un-retrait-dhabilitation-aeroportuaire\/"},"author":{"name":"Simon Bechelen","@id":"https:\/\/ignis-avocat.com\/#\/schema\/person\/23a8052bacfd65492919cb16ac621a52"},"headline":"Contester un refus ou un retrait d\u2019habilitation a\u00e9roportuaire","datePublished":"2025-02-11T16:47:31+00:00","dateModified":"2025-11-12T15:22:12+00:00","mainEntityOfPage":{"@id":"https:\/\/ignis-avocat.com\/index.php\/2025\/02\/11\/contester-un-refus-ou-un-retrait-dhabilitation-aeroportuaire\/"},"wordCount":510,"commentCount":0,"publisher":{"@id":"https:\/\/ignis-avocat.com\/#organization"},"image":{"@id":"https:\/\/ignis-avocat.com\/index.php\/2025\/02\/11\/contester-un-refus-ou-un-retrait-dhabilitation-aeroportuaire\/#primaryimage"},"thumbnailUrl":"https:\/\/ignis-avocat.com\/wp-content\/uploads\/2024\/04\/Aeroport-Marseille-provence-1.webp","articleSection":["Actualit\u00e9s"],"inLanguage":"fr-FR","potentialAction":[{"@type":"CommentAction","name":"Comment","target":["https:\/\/ignis-avocat.com\/index.php\/2025\/02\/11\/contester-un-refus-ou-un-retrait-dhabilitation-aeroportuaire\/#respond"]}]},{"@type":"WebPage","@id":"https:\/\/ignis-avocat.com\/index.php\/2025\/02\/11\/contester-un-refus-ou-un-retrait-dhabilitation-aeroportuaire\/","url":"https:\/\/ignis-avocat.com\/index.php\/2025\/02\/11\/contester-un-refus-ou-un-retrait-dhabilitation-aeroportuaire\/","name":"Ignis avocat - Contester un refus ou un retrait d\u2019habilitation a\u00e9roportuaire","isPartOf":{"@id":"https:\/\/ignis-avocat.com\/#website"},"primaryImageOfPage":{"@id":"https:\/\/ignis-avocat.com\/index.php\/2025\/02\/11\/contester-un-refus-ou-un-retrait-dhabilitation-aeroportuaire\/#primaryimage"},"image":{"@id":"https:\/\/ignis-avocat.com\/index.php\/2025\/02\/11\/contester-un-refus-ou-un-retrait-dhabilitation-aeroportuaire\/#primaryimage"},"thumbnailUrl":"https:\/\/ignis-avocat.com\/wp-content\/uploads\/2024\/04\/Aeroport-Marseille-provence-1.webp","datePublished":"2025-02-11T16:47:31+00:00","dateModified":"2025-11-12T15:22:12+00:00","description":"Rappel de la r\u00e9glementation applicable et des modalit\u00e9s pour contester un refus ou retrait d'habilitation a\u00e9roportuaire du pr\u00e9fet de police","breadcrumb":{"@id":"https:\/\/ignis-avocat.com\/index.php\/2025\/02\/11\/contester-un-refus-ou-un-retrait-dhabilitation-aeroportuaire\/#breadcrumb"},"inLanguage":"fr-FR","potentialAction":[{"@type":"ReadAction","target":["https:\/\/ignis-avocat.com\/index.php\/2025\/02\/11\/contester-un-refus-ou-un-retrait-dhabilitation-aeroportuaire\/"]}]},{"@type":"ImageObject","inLanguage":"fr-FR","@id":"https:\/\/ignis-avocat.com\/index.php\/2025\/02\/11\/contester-un-refus-ou-un-retrait-dhabilitation-aeroportuaire\/#primaryimage","url":"https:\/\/ignis-avocat.com\/wp-content\/uploads\/2024\/04\/Aeroport-Marseille-provence-1.webp","contentUrl":"https:\/\/ignis-avocat.com\/wp-content\/uploads\/2024\/04\/Aeroport-Marseille-provence-1.webp","width":1280,"height":720,"caption":"Marignane"},{"@type":"BreadcrumbList","@id":"https:\/\/ignis-avocat.com\/index.php\/2025\/02\/11\/contester-un-refus-ou-un-retrait-dhabilitation-aeroportuaire\/#breadcrumb","itemListElement":[{"@type":"ListItem","position":1,"name":"Accueil","item":"https:\/\/ignis-avocat.com\/"},{"@type":"ListItem","position":2,"name":"Contester un refus ou un retrait d\u2019habilitation a\u00e9roportuaire"}]},{"@type":"WebSite","@id":"https:\/\/ignis-avocat.com\/#website","url":"https:\/\/ignis-avocat.com\/","name":"Ignis avocat","description":"","publisher":{"@id":"https:\/\/ignis-avocat.com\/#organization"},"potentialAction":[{"@type":"SearchAction","target":{"@type":"EntryPoint","urlTemplate":"https:\/\/ignis-avocat.com\/?s={search_term_string}"},"query-input":{"@type":"PropertyValueSpecification","valueRequired":true,"valueName":"search_term_string"}}],"inLanguage":"fr-FR"},{"@type":"Organization","@id":"https:\/\/ignis-avocat.com\/#organization","name":"Ignis avocat","url":"https:\/\/ignis-avocat.com\/","logo":{"@type":"ImageObject","inLanguage":"fr-FR","@id":"https:\/\/ignis-avocat.com\/#\/schema\/logo\/image\/","url":"https:\/\/ignis-avocat.com\/wp-content\/uploads\/2023\/11\/cropped-IGNIS-8.png","contentUrl":"https:\/\/ignis-avocat.com\/wp-content\/uploads\/2023\/11\/cropped-IGNIS-8.png","width":512,"height":512,"caption":"Ignis avocat"},"image":{"@id":"https:\/\/ignis-avocat.com\/#\/schema\/logo\/image\/"},"sameAs":["https:\/\/www.linkedin.com\/in\/simon-bechelen-a2558016b\/"]},{"@type":"Person","@id":"https:\/\/ignis-avocat.com\/#\/schema\/person\/23a8052bacfd65492919cb16ac621a52","name":"Simon Bechelen","image":{"@type":"ImageObject","inLanguage":"fr-FR","@id":"https:\/\/secure.gravatar.com\/avatar\/2be050aec229e60c80ff2568f734a7940f29c682cb1d844c6edf7770e18cb0e2?s=96&d=mm&r=g","url":"https:\/\/secure.gravatar.com\/avatar\/2be050aec229e60c80ff2568f734a7940f29c682cb1d844c6edf7770e18cb0e2?s=96&d=mm&r=g","contentUrl":"https:\/\/secure.gravatar.com\/avatar\/2be050aec229e60c80ff2568f734a7940f29c682cb1d844c6edf7770e18cb0e2?s=96&d=mm&r=g","caption":"Simon Bechelen"},"sameAs":["http:\/\/ignis-avocat.com"],"url":"https:\/\/ignis-avocat.com\/index.php\/author\/ignis-avocat-com\/"}]}},"_links":{"self":[{"href":"https:\/\/ignis-avocat.com\/index.php\/wp-json\/wp\/v2\/posts\/1095","targetHints":{"allow":["GET"]}}],"collection":[{"href":"https:\/\/ignis-avocat.com\/index.php\/wp-json\/wp\/v2\/posts"}],"about":[{"href":"https:\/\/ignis-avocat.com\/index.php\/wp-json\/wp\/v2\/types\/post"}],"author":[{"embeddable":true,"href":"https:\/\/ignis-avocat.com\/index.php\/wp-json\/wp\/v2\/users\/1"}],"replies":[{"embeddable":true,"href":"https:\/\/ignis-avocat.com\/index.php\/wp-json\/wp\/v2\/comments?post=1095"}],"version-history":[{"count":26,"href":"https:\/\/ignis-avocat.com\/index.php\/wp-json\/wp\/v2\/posts\/1095\/revisions"}],"predecessor-version":[{"id":4285,"href":"https:\/\/ignis-avocat.com\/index.php\/wp-json\/wp\/v2\/posts\/1095\/revisions\/4285"}],"wp:featuredmedia":[{"embeddable":true,"href":"https:\/\/ignis-avocat.com\/index.php\/wp-json\/wp\/v2\/media\/3668"}],"wp:attachment":[{"href":"https:\/\/ignis-avocat.com\/index.php\/wp-json\/wp\/v2\/media?parent=1095"}],"wp:term":[{"taxonomy":"category","embeddable":true,"href":"https:\/\/ignis-avocat.com\/index.php\/wp-json\/wp\/v2\/categories?post=1095"},{"taxonomy":"post_tag","embeddable":true,"href":"https:\/\/ignis-avocat.com\/index.php\/wp-json\/wp\/v2\/tags?post=1095"}],"curies":[{"name":"wp","href":"https:\/\/api.w.org\/{rel}","templated":true}]}}